{"id":3399,"date":"2025-03-13T05:00:00","date_gmt":"2025-03-13T11:00:00","guid":{"rendered":"https:\/\/cstrinity.org\/?p=3399"},"modified":"2025-03-11T15:50:08","modified_gmt":"2025-03-11T21:50:08","slug":"lent-day-9-psalm-27","status":"publish","type":"post","link":"https:\/\/cstrinity.org\/esp\/lent-day-9-psalm-27\/","title":{"rendered":"D\u00eda 9 de Cuaresma: Salmo 27"},"content":{"rendered":"<div data-elementor-type=\"wp-post\" data-elementor-id=\"3399\" class=\"elementor elementor-3399\" data-elementor-post-type=\"post\">\n\t\t\t\t\t\t<section class=\"elementor-section elementor-top-section elementor-element elementor-element-e950d2e elementor-section-boxed elementor-section-height-default elementor-section-height-default\" data-id=\"e950d2e\" data-element_type=\"section\" data-e-type=\"section\">\n\t\t\t\t\t\t<div class=\"elementor-container elementor-column-gap-default\">\n\t\t\t\t\t<div class=\"elementor-column elementor-col-100 elementor-top-column elementor-element elementor-element-a402bc3\" data-id=\"a402bc3\" data-element_type=\"column\" data-e-type=\"column\">\n\t\t\t<div class=\"elementor-widget-wrap elementor-element-populated\">\n\t\t\t\t\t\t<div class=\"elementor-element elementor-element-3cd33cf elementor-widget elementor-widget-text-editor\" data-id=\"3cd33cf\" data-element_type=\"widget\" data-e-type=\"widget\" data-widget_type=\"text-editor.default\">\n\t\t\t\t<div class=\"elementor-widget-container\">\n\t\t\t\t\t\t\t\t\t<p><strong>Salmo 27 <\/strong><\/p><p><strong><em><sup>6\u00a0<\/sup><\/em><\/strong><em>Entonces mi cabeza ser\u00e1 exaltada<br \/>\u00a0\u00a0\u00a0\u00a0por encima de los enemigos que me rodean;<br \/>en su tabern\u00e1culo sagrado sacrificar\u00e9 con voces de alegr\u00eda;<br \/>\u00a0\u00a0\u00a0\u00a0Cantar\u00e9 y har\u00e9 m\u00fasica al Se\u00f1or.<\/em><\/p><p><strong><em><sup>7\u00a0<\/sup><\/em><\/strong><em>Escucha mi voz cuando clamo, Se\u00f1or;<br \/>\u00a0\u00a0\u00a0\u00a0ten misericordia de m\u00ed y resp\u00f3ndeme.<\/em><\/p><p>\u00a0<\/p><p>David ciertamente tuvo sus enemigos: Sa\u00fal, los filisteos y una larga lista de \u00edtas. Al leer este Salmo, vemos a David enaltecido sobre una roca alta, de modo que su cabeza est\u00e1 por encima de sus enemigos. Estas palabras se expresan con esperanza mientras miran hacia el futuro. Dios lo rescatar\u00e1 y su cabeza ser\u00e1 enaltecida. Luego, &quot;Yo har\u00e9&quot; se usa repetidamente para proyectar lo que \u00e9l mismo har\u00e1 como resultado de la liberaci\u00f3n de Dios.<\/p><p>A menudo en la vida nos encontramos rodeados de enemigos. No tenemos reyes ni extranjeros que busquen destruirnos, pero estamos rodeados de una multitud de otras cosas que no nos ayudan en nuestra vida, y mucho menos en nuestra vida de fe.<\/p><p>Con estas cosas, necesitamos ser un poco estoicos y dividir a nuestros enemigos en dos grupos:<\/p><ol><li><strong>Enemigos autocreados. <\/strong><\/li><\/ol><p>En gran medida, est\u00e1 en nuestro poder abordarlos:\u00a0<\/p><ul><li>Actitudes que no honran a nuestro Se\u00f1or<\/li><li>Guardar resentimiento hacia otros debido a una herida real o imaginaria.<\/li><\/ul><p>Este mundo ofrece innumerables oportunidades para ofenderse. Con demasiada frecuencia, nuestra imaginaci\u00f3n convierte una mirada o una palabra benigna en una herida que luego atesoramos y alimentamos.<\/p><ul><li>Pr\u00e1cticas que frustran nuestras mejores intenciones.<\/li><\/ul><p>Todos tenemos h\u00e1bitos de vida que necesitan correcci\u00f3n, o al menos un esfuerzo correctivo. Quiz\u00e1s sabemos que deber\u00edamos estar m\u00e1s tiempo en la Palabra y hacer algo m\u00e1s que simplemente leer un pasaje y decir am\u00e9n.<\/p><p>\u00bfContemplamos lo que acabamos de leer? \u00bfMeditamos para encontrar maneras de poner en pr\u00e1ctica la verdad que acabamos de descubrir? Sabemos que deber\u00edamos crecer m\u00e1s en nuestra fe, pero no la alimentamos realmente.\u00a0<\/p><ol start=\"2\"><li><strong>Enemigos que no son de nuestra creaci\u00f3n. <\/strong><\/li><\/ol><p>El c\u00e1ntico evang\u00e9lico canta con acierto: \u00abEste mundo no es mi hogar, solo estoy de paso\u00bb. Nuestra cultura no es propicia para proporcionar un medio de gracia. Sin embargo, podemos ver indicios de gracia en las acciones piadosas incluso de aquellos que no consideramos piadosos. Con mayor frecuencia lidiamos con la frustraci\u00f3n de ser peregrinos en una tierra que se nos vuelve cada vez m\u00e1s extra\u00f1a. Podemos gemir, encogernos para quejarnos y aislarnos, o podemos escuchar a David.<\/p><p>David confiaba en que, a pesar del odio y la confusi\u00f3n, su Dios lo exaltar\u00eda por encima de todos sus enemigos. Desde esa posici\u00f3n privilegiada, comprender\u00eda mejor la realidad de su situaci\u00f3n. A pesar de todos sus enemigos, tendr\u00eda una melod\u00eda que cantarle a su Se\u00f1or.\u00a0<\/p><p>\u00a0<\/p><p><strong>Autor:<\/strong> Richard Lawson<\/p><p><strong>Otras lecturas de Cuaresma para hoy:<\/strong><\/p><ul><li>G\u00e9nesis 13:1-7, 14-18<\/li><li>Filipenses 3:2-12<\/li><\/ul>\t\t\t\t\t\t\t\t<\/div>\n\t\t\t\t<\/div>\n\t\t\t\t\t<\/div>\n\t\t<\/div>\n\t\t\t\t\t<\/div>\n\t\t<\/section>\n\t\t\t\t<\/div>","protected":false},"excerpt":{"rendered":"<p>Un devocional de Cuaresma de la Iglesia Trinity Church of the Nazarene en Colorado Springs, CO.<\/p>","protected":false},"author":1,"featured_media":3333,"comment_status":"open","ping_status":"open","sticky":false,"template":"","format":"standard","meta":{"site-sidebar-layout":"default","site-content-layout":"","ast-site-content-layout":"default","site-content-style":"default","site-sidebar-style":"default","ast-global-header-display":"","ast-banner-title-visibility":"","ast-main-header-display":"","ast-hfb-above-header-display":"","ast-hfb-below-header-display":"","ast-hfb-mobile-header-display":"","site-post-title":"","ast-breadcrumbs-content":"","ast-featured-img":"","footer-sml-layout":"","ast-disable-related-posts":"","theme-transparent-header-meta":"","adv-header-id-meta":"","stick-header-meta":"","header-above-stick-meta":"","header-main-stick-meta":"","header-below-stick-meta":"","astra-migrate-meta-layouts":"set","ast-page-background-enabled":"default","ast-page-background-meta":{"desktop":{"background-color":"var(--ast-global-color-4)","background-image":"","background-repeat":"repeat","background-position":"center center","background-size":"auto","background-attachment":"scroll","background-type":"","background-media":"","overlay-type":"","overlay-color":"","overlay-opacity":"","overlay-gradient":""},"tablet":{"background-color":"","background-image":"","background-repeat":"repeat","background-position":"center center","background-size":"auto","background-attachment":"scroll","background-type":"","background-media":"","overlay-type":"","overlay-color":"","overlay-opacity":"","overlay-gradient":""},"mobile":{"background-color":"","background-image":"","background-repeat":"repeat","background-position":"center center","background-size":"auto","background-attachment":"scroll","background-type":"","background-media":"","overlay-type":"","overlay-color":"","overlay-opacity":"","overlay-gradient":""}},"ast-content-background-meta":{"desktop":{"background-color":"var(--ast-global-color-5)","background-image":"","background-repeat":"repeat","background-position":"center center","background-size":"auto","background-attachment":"scroll","background-type":"","background-media":"","overlay-type":"","overlay-color":"","overlay-opacity":"","overlay-gradient":""},"tablet":{"background-color":"var(--ast-global-color-5)","background-image":"","background-repeat":"repeat","background-position":"center center","background-size":"auto","background-attachment":"scroll","background-type":"","background-media":"","overlay-type":"","overlay-color":"","overlay-opacity":"","overlay-gradient":""},"mobile":{"background-color":"var(--ast-global-color-5)","background-image":"","background-repeat":"repeat","background-position":"center center","background-size":"auto","background-attachment":"scroll","background-type":"","background-media":"","overlay-type":"","overlay-color":"","overlay-opacity":"","overlay-gradient":""}},"_jetpack_memberships_contains_paid_content":false,"footnotes":""},"categories":[23],"tags":[],"class_list":["post-3399","post","type-post","status-publish","format-standard","has-post-thumbnail","hentry","category-lent-devotionals"],"yoast_head":"<!-- This site is optimized with the Yoast SEO plugin v27.4 - https:\/\/yoast.com\/product\/yoast-seo-wordpress\/ -->\n<title>Lent Day 9: Psalm 27 - Trinity Church of the Nazarene<\/title>\n<meta name=\"description\" content=\"A Lent Devotional from Trinity Church of the Nazarene in Colorado Springs, CO.\" \/>\n<meta name=\"robots\" content=\"index, follow, max-snippet:-1, max-image-preview:large, max-video-preview:-1\" \/>\n<link rel=\"canonical\" href=\"https:\/\/cstrinity.org\/esp\/lent-day-9-psalm-27\/\" \/>\n<meta property=\"og:locale\" content=\"es_ES\" \/>\n<meta property=\"og:type\" content=\"article\" \/>\n<meta property=\"og:title\" content=\"Lent Day 9: Psalm 27 - Trinity Church of the Nazarene\" \/>\n<meta property=\"og:description\" content=\"A Lent Devotional from Trinity Church of the Nazarene in Colorado Springs, CO.\" \/>\n<meta property=\"og:url\" content=\"https:\/\/cstrinity.org\/esp\/lent-day-9-psalm-27\/\" \/>\n<meta property=\"og:site_name\" content=\"Trinity Church of the Nazarene\" \/>\n<meta property=\"article:published_time\" content=\"2025-03-13T11:00:00+00:00\" \/>\n<meta property=\"og:image\" content=\"https:\/\/cstrinity.org\/wp-content\/uploads\/2025\/03\/Lent-Feature-Image.png\" \/>\n\t<meta property=\"og:image:width\" content=\"500\" \/>\n\t<meta property=\"og:image:height\" content=\"500\" \/>\n\t<meta property=\"og:image:type\" content=\"image\/png\" \/>\n<meta name=\"author\" content=\"Admin\" \/>\n<meta name=\"twitter:card\" content=\"summary_large_image\" \/>\n<meta name=\"twitter:label1\" content=\"Escrito por\" \/>\n\t<meta name=\"twitter:data1\" content=\"Admin\" \/>\n\t<meta name=\"twitter:label2\" content=\"Tiempo de lectura\" \/>\n\t<meta name=\"twitter:data2\" content=\"3 minutos\" \/>\n<script type=\"application\/ld+json\" class=\"yoast-schema-graph\">{\"@context\":\"https:\\\/\\\/schema.org\",\"@graph\":[{\"@type\":\"Article\",\"@id\":\"https:\\\/\\\/cstrinity.org\\\/lent-day-9-psalm-27\\\/#article\",\"isPartOf\":{\"@id\":\"https:\\\/\\\/cstrinity.org\\\/lent-day-9-psalm-27\\\/\"},\"author\":{\"name\":\"Admin\",\"@id\":\"https:\\\/\\\/cstrinity.org\\\/#\\\/schema\\\/person\\\/94934180c86d36340e02d1de584a376a\"},\"headline\":\"Lent Day 9: Psalm 27\",\"datePublished\":\"2025-03-13T11:00:00+00:00\",\"mainEntityOfPage\":{\"@id\":\"https:\\\/\\\/cstrinity.org\\\/lent-day-9-psalm-27\\\/\"},\"wordCount\":484,\"commentCount\":0,\"publisher\":{\"@id\":\"https:\\\/\\\/cstrinity.org\\\/#organization\"},\"image\":{\"@id\":\"https:\\\/\\\/cstrinity.org\\\/lent-day-9-psalm-27\\\/#primaryimage\"},\"thumbnailUrl\":\"https:\\\/\\\/cstrinity.org\\\/wp-content\\\/uploads\\\/2025\\\/03\\\/Lent-Feature-Image.png\",\"articleSection\":[\"Lent 2025 Devotionals\"],\"inLanguage\":\"es\",\"potentialAction\":[{\"@type\":\"CommentAction\",\"name\":\"Comment\",\"target\":[\"https:\\\/\\\/cstrinity.org\\\/lent-day-9-psalm-27\\\/#respond\"]}]},{\"@type\":\"WebPage\",\"@id\":\"https:\\\/\\\/cstrinity.org\\\/lent-day-9-psalm-27\\\/\",\"url\":\"https:\\\/\\\/cstrinity.org\\\/lent-day-9-psalm-27\\\/\",\"name\":\"Lent Day 9: Psalm 27 - Trinity Church of the Nazarene\",\"isPartOf\":{\"@id\":\"https:\\\/\\\/cstrinity.org\\\/#website\"},\"primaryImageOfPage\":{\"@id\":\"https:\\\/\\\/cstrinity.org\\\/lent-day-9-psalm-27\\\/#primaryimage\"},\"image\":{\"@id\":\"https:\\\/\\\/cstrinity.org\\\/lent-day-9-psalm-27\\\/#primaryimage\"},\"thumbnailUrl\":\"https:\\\/\\\/cstrinity.org\\\/wp-content\\\/uploads\\\/2025\\\/03\\\/Lent-Feature-Image.png\",\"datePublished\":\"2025-03-13T11:00:00+00:00\",\"description\":\"A Lent Devotional from Trinity Church of the Nazarene in Colorado Springs, CO.\",\"breadcrumb\":{\"@id\":\"https:\\\/\\\/cstrinity.org\\\/lent-day-9-psalm-27\\\/#breadcrumb\"},\"inLanguage\":\"es\",\"potentialAction\":[{\"@type\":\"ReadAction\",\"target\":[\"https:\\\/\\\/cstrinity.org\\\/lent-day-9-psalm-27\\\/\"]}]},{\"@type\":\"ImageObject\",\"inLanguage\":\"es\",\"@id\":\"https:\\\/\\\/cstrinity.org\\\/lent-day-9-psalm-27\\\/#primaryimage\",\"url\":\"https:\\\/\\\/cstrinity.org\\\/wp-content\\\/uploads\\\/2025\\\/03\\\/Lent-Feature-Image.png\",\"contentUrl\":\"https:\\\/\\\/cstrinity.org\\\/wp-content\\\/uploads\\\/2025\\\/03\\\/Lent-Feature-Image.png\",\"width\":500,\"height\":500,\"caption\":\"Lent Devotionals CSTrinity Feature Image\"},{\"@type\":\"BreadcrumbList\",\"@id\":\"https:\\\/\\\/cstrinity.org\\\/lent-day-9-psalm-27\\\/#breadcrumb\",\"itemListElement\":[{\"@type\":\"ListItem\",\"position\":1,\"name\":\"Home\",\"item\":\"https:\\\/\\\/cstrinity.org\\\/\"},{\"@type\":\"ListItem\",\"position\":2,\"name\":\"Lent Day 9: Psalm 27\"}]},{\"@type\":\"WebSite\",\"@id\":\"https:\\\/\\\/cstrinity.org\\\/#website\",\"url\":\"https:\\\/\\\/cstrinity.org\\\/\",\"name\":\"Trinity Church of the Nazarene\",\"description\":\"Growing Together in Jesus\",\"publisher\":{\"@id\":\"https:\\\/\\\/cstrinity.org\\\/#organization\"},\"potentialAction\":[{\"@type\":\"SearchAction\",\"target\":{\"@type\":\"EntryPoint\",\"urlTemplate\":\"https:\\\/\\\/cstrinity.org\\\/?s={search_term_string}\"},\"query-input\":{\"@type\":\"PropertyValueSpecification\",\"valueRequired\":true,\"valueName\":\"search_term_string\"}}],\"inLanguage\":\"es\"},{\"@type\":\"Organization\",\"@id\":\"https:\\\/\\\/cstrinity.org\\\/#organization\",\"name\":\"Trinity Church of the Nazarene\",\"url\":\"https:\\\/\\\/cstrinity.org\\\/\",\"logo\":{\"@type\":\"ImageObject\",\"inLanguage\":\"es\",\"@id\":\"https:\\\/\\\/cstrinity.org\\\/#\\\/schema\\\/logo\\\/image\\\/\",\"url\":\"https:\\\/\\\/cstrinity.org\\\/wp-content\\\/uploads\\\/2026\\\/04\\\/CircleIconEmpty-BlueGreen.png\",\"contentUrl\":\"https:\\\/\\\/cstrinity.org\\\/wp-content\\\/uploads\\\/2026\\\/04\\\/CircleIconEmpty-BlueGreen.png\",\"width\":500,\"height\":500,\"caption\":\"Trinity Church of the Nazarene\"},\"image\":{\"@id\":\"https:\\\/\\\/cstrinity.org\\\/#\\\/schema\\\/logo\\\/image\\\/\"}},{\"@type\":\"Person\",\"@id\":\"https:\\\/\\\/cstrinity.org\\\/#\\\/schema\\\/person\\\/94934180c86d36340e02d1de584a376a\",\"name\":\"Admin\",\"image\":{\"@type\":\"ImageObject\",\"inLanguage\":\"es\",\"@id\":\"https:\\\/\\\/secure.gravatar.com\\\/avatar\\\/4a5a0160e6354f2c9cfdf3acd951b77ea027ba2357f3cd4a58a9db9b281e5b86?s=96&d=mm&r=g\",\"url\":\"https:\\\/\\\/secure.gravatar.com\\\/avatar\\\/4a5a0160e6354f2c9cfdf3acd951b77ea027ba2357f3cd4a58a9db9b281e5b86?s=96&d=mm&r=g\",\"contentUrl\":\"https:\\\/\\\/secure.gravatar.com\\\/avatar\\\/4a5a0160e6354f2c9cfdf3acd951b77ea027ba2357f3cd4a58a9db9b281e5b86?s=96&d=mm&r=g\",\"caption\":\"Admin\"},\"sameAs\":[\"http:\\\/\\\/cstrinity.org\"],\"url\":\"https:\\\/\\\/cstrinity.org\\\/esp\\\/author\\\/deltadesignsolutionsllcgmail-com\\\/\"}]}<\/script>\n<!-- \/ Yoast SEO plugin. -->","yoast_head_json":{"title":"Lent Day 9: Psalm 27 - Trinity Church of the Nazarene","description":"Un devocional de Cuaresma de la Iglesia Trinity Church of the Nazarene en Colorado Springs, CO.","robots":{"index":"index","follow":"follow","max-snippet":"max-snippet:-1","max-image-preview":"max-image-preview:large","max-video-preview":"max-video-preview:-1"},"canonical":"https:\/\/cstrinity.org\/esp\/lent-day-9-psalm-27\/","og_locale":"es_ES","og_type":"article","og_title":"Lent Day 9: Psalm 27 - Trinity Church of the Nazarene","og_description":"A Lent Devotional from Trinity Church of the Nazarene in Colorado Springs, CO.","og_url":"https:\/\/cstrinity.org\/esp\/lent-day-9-psalm-27\/","og_site_name":"Trinity Church of the Nazarene","article_published_time":"2025-03-13T11:00:00+00:00","og_image":[{"width":500,"height":500,"url":"https:\/\/cstrinity.org\/wp-content\/uploads\/2025\/03\/Lent-Feature-Image.png","type":"image\/png"}],"author":"Admin","twitter_card":"summary_large_image","twitter_misc":{"Escrito por":"Admin","Tiempo de lectura":"3 minutos"},"schema":{"@context":"https:\/\/schema.org","@graph":[{"@type":"Article","@id":"https:\/\/cstrinity.org\/lent-day-9-psalm-27\/#article","isPartOf":{"@id":"https:\/\/cstrinity.org\/lent-day-9-psalm-27\/"},"author":{"name":"Admin","@id":"https:\/\/cstrinity.org\/#\/schema\/person\/94934180c86d36340e02d1de584a376a"},"headline":"Lent Day 9: Psalm 27","datePublished":"2025-03-13T11:00:00+00:00","mainEntityOfPage":{"@id":"https:\/\/cstrinity.org\/lent-day-9-psalm-27\/"},"wordCount":484,"commentCount":0,"publisher":{"@id":"https:\/\/cstrinity.org\/#organization"},"image":{"@id":"https:\/\/cstrinity.org\/lent-day-9-psalm-27\/#primaryimage"},"thumbnailUrl":"https:\/\/cstrinity.org\/wp-content\/uploads\/2025\/03\/Lent-Feature-Image.png","articleSection":["Lent 2025 Devotionals"],"inLanguage":"es","potentialAction":[{"@type":"CommentAction","name":"Comment","target":["https:\/\/cstrinity.org\/lent-day-9-psalm-27\/#respond"]}]},{"@type":"WebPage","@id":"https:\/\/cstrinity.org\/lent-day-9-psalm-27\/","url":"https:\/\/cstrinity.org\/lent-day-9-psalm-27\/","name":"Lent Day 9: Psalm 27 - Trinity Church of the Nazarene","isPartOf":{"@id":"https:\/\/cstrinity.org\/#website"},"primaryImageOfPage":{"@id":"https:\/\/cstrinity.org\/lent-day-9-psalm-27\/#primaryimage"},"image":{"@id":"https:\/\/cstrinity.org\/lent-day-9-psalm-27\/#primaryimage"},"thumbnailUrl":"https:\/\/cstrinity.org\/wp-content\/uploads\/2025\/03\/Lent-Feature-Image.png","datePublished":"2025-03-13T11:00:00+00:00","description":"Un devocional de Cuaresma de la Iglesia Trinity Church of the Nazarene en Colorado Springs, CO.","breadcrumb":{"@id":"https:\/\/cstrinity.org\/lent-day-9-psalm-27\/#breadcrumb"},"inLanguage":"es","potentialAction":[{"@type":"ReadAction","target":["https:\/\/cstrinity.org\/lent-day-9-psalm-27\/"]}]},{"@type":"ImageObject","inLanguage":"es","@id":"https:\/\/cstrinity.org\/lent-day-9-psalm-27\/#primaryimage","url":"https:\/\/cstrinity.org\/wp-content\/uploads\/2025\/03\/Lent-Feature-Image.png","contentUrl":"https:\/\/cstrinity.org\/wp-content\/uploads\/2025\/03\/Lent-Feature-Image.png","width":500,"height":500,"caption":"Lent Devotionals CSTrinity Feature Image"},{"@type":"BreadcrumbList","@id":"https:\/\/cstrinity.org\/lent-day-9-psalm-27\/#breadcrumb","itemListElement":[{"@type":"ListItem","position":1,"name":"Home","item":"https:\/\/cstrinity.org\/"},{"@type":"ListItem","position":2,"name":"Lent Day 9: Psalm 27"}]},{"@type":"WebSite","@id":"https:\/\/cstrinity.org\/#website","url":"https:\/\/cstrinity.org\/","name":"Iglesia de la Trinidad del Nazareno","description":"Creciendo Juntos en Jes\u00fas","publisher":{"@id":"https:\/\/cstrinity.org\/#organization"},"potentialAction":[{"@type":"SearchAction","target":{"@type":"EntryPoint","urlTemplate":"https:\/\/cstrinity.org\/?s={search_term_string}"},"query-input":{"@type":"PropertyValueSpecification","valueRequired":true,"valueName":"search_term_string"}}],"inLanguage":"es"},{"@type":"Organization","@id":"https:\/\/cstrinity.org\/#organization","name":"Iglesia de la Trinidad del Nazareno","url":"https:\/\/cstrinity.org\/","logo":{"@type":"ImageObject","inLanguage":"es","@id":"https:\/\/cstrinity.org\/#\/schema\/logo\/image\/","url":"https:\/\/cstrinity.org\/wp-content\/uploads\/2026\/04\/CircleIconEmpty-BlueGreen.png","contentUrl":"https:\/\/cstrinity.org\/wp-content\/uploads\/2026\/04\/CircleIconEmpty-BlueGreen.png","width":500,"height":500,"caption":"Trinity Church of the Nazarene"},"image":{"@id":"https:\/\/cstrinity.org\/#\/schema\/logo\/image\/"}},{"@type":"Person","@id":"https:\/\/cstrinity.org\/#\/schema\/person\/94934180c86d36340e02d1de584a376a","name":"Administraci\u00f3n","image":{"@type":"ImageObject","inLanguage":"es","@id":"https:\/\/secure.gravatar.com\/avatar\/4a5a0160e6354f2c9cfdf3acd951b77ea027ba2357f3cd4a58a9db9b281e5b86?s=96&d=mm&r=g","url":"https:\/\/secure.gravatar.com\/avatar\/4a5a0160e6354f2c9cfdf3acd951b77ea027ba2357f3cd4a58a9db9b281e5b86?s=96&d=mm&r=g","contentUrl":"https:\/\/secure.gravatar.com\/avatar\/4a5a0160e6354f2c9cfdf3acd951b77ea027ba2357f3cd4a58a9db9b281e5b86?s=96&d=mm&r=g","caption":"Admin"},"sameAs":["http:\/\/cstrinity.org"],"url":"https:\/\/cstrinity.org\/esp\/author\/deltadesignsolutionsllcgmail-com\/"}]}},"jetpack_featured_media_url":"https:\/\/cstrinity.org\/wp-content\/uploads\/2025\/03\/Lent-Feature-Image.png","jetpack_sharing_enabled":true,"_links":{"self":[{"href":"https:\/\/cstrinity.org\/esp\/wp-json\/wp\/v2\/posts\/3399","targetHints":{"allow":["GET"]}}],"collection":[{"href":"https:\/\/cstrinity.org\/esp\/wp-json\/wp\/v2\/posts"}],"about":[{"href":"https:\/\/cstrinity.org\/esp\/wp-json\/wp\/v2\/types\/post"}],"author":[{"embeddable":true,"href":"https:\/\/cstrinity.org\/esp\/wp-json\/wp\/v2\/users\/1"}],"replies":[{"embeddable":true,"href":"https:\/\/cstrinity.org\/esp\/wp-json\/wp\/v2\/comments?post=3399"}],"version-history":[{"count":0,"href":"https:\/\/cstrinity.org\/esp\/wp-json\/wp\/v2\/posts\/3399\/revisions"}],"wp:featuredmedia":[{"embeddable":true,"href":"https:\/\/cstrinity.org\/esp\/wp-json\/wp\/v2\/media\/3333"}],"wp:attachment":[{"href":"https:\/\/cstrinity.org\/esp\/wp-json\/wp\/v2\/media?parent=3399"}],"wp:term":[{"taxonomy":"category","embeddable":true,"href":"https:\/\/cstrinity.org\/esp\/wp-json\/wp\/v2\/categories?post=3399"},{"taxonomy":"post_tag","embeddable":true,"href":"https:\/\/cstrinity.org\/esp\/wp-json\/wp\/v2\/tags?post=3399"}],"curies":[{"name":"gracias","href":"https:\/\/api.w.org\/{rel}","templated":true}]}}