{"id":3407,"date":"2025-03-14T05:00:00","date_gmt":"2025-03-14T11:00:00","guid":{"rendered":"https:\/\/cstrinity.org\/?p=3407"},"modified":"2025-03-11T15:54:19","modified_gmt":"2025-03-11T21:54:19","slug":"lent-day-10-psalm-27","status":"publish","type":"post","link":"https:\/\/cstrinity.org\/esp\/lent-day-10-psalm-27\/","title":{"rendered":"D\u00eda 10 de Cuaresma: Salmo 27"},"content":{"rendered":"<div data-elementor-type=\"wp-post\" data-elementor-id=\"3407\" class=\"elementor elementor-3407\" data-elementor-post-type=\"post\">\n\t\t\t\t\t\t<section class=\"elementor-section elementor-top-section elementor-element elementor-element-e950d2e elementor-section-boxed elementor-section-height-default elementor-section-height-default\" data-id=\"e950d2e\" data-element_type=\"section\" data-e-type=\"section\">\n\t\t\t\t\t\t<div class=\"elementor-container elementor-column-gap-default\">\n\t\t\t\t\t<div class=\"elementor-column elementor-col-100 elementor-top-column elementor-element elementor-element-a402bc3\" data-id=\"a402bc3\" data-element_type=\"column\" data-e-type=\"column\">\n\t\t\t<div class=\"elementor-widget-wrap elementor-element-populated\">\n\t\t\t\t\t\t<div class=\"elementor-element elementor-element-3cd33cf elementor-widget elementor-widget-text-editor\" data-id=\"3cd33cf\" data-element_type=\"widget\" data-e-type=\"widget\" data-widget_type=\"text-editor.default\">\n\t\t\t\t<div class=\"elementor-widget-container\">\n\t\t\t\t\t\t\t\t\t<p><strong>Salmo 27 <\/strong><\/p><p><strong><em><sup>11<\/sup><\/em><\/strong><em>Ens\u00e9\u00f1ame, oh Jehov\u00e1, tu camino, Y gu\u00edame por senda de rectitud a causa de mis enemigos. <\/em><\/p><p><strong><em><sup>12<\/sup><\/em><\/strong><em>No me entregues a la voluntad de mis adversarios, porque se han levantado contra m\u00ed testigos falsos, <\/em><\/p><p><em>y exhalan violencia. <\/em><\/p><p>\u00a0<\/p><p>En el Devocional Cuaresmal de ayer, David se elev\u00f3 por encima de sus enemigos, demostrando que nosotros tambi\u00e9n podemos superar a nuestros enemigos, tanto los creados por nosotros mismos como los externos. Nadie quiere ser derrotado por peligros innecesarios en su vida de fe. Con una perspectiva elevada por el Se\u00f1or, podemos discernir entre enemigos reales y los creados por nosotros mismos. Tambi\u00e9n nos brinda una perspectiva privilegiada que nos permite observar mejor la posici\u00f3n y los planes de nuestros enemigos y buscar un camino de liberaci\u00f3n.<\/p><p>Los enemigos de David buscaban su vida f\u00edsica. \u00a1Necesitaba liberaci\u00f3n! Al igual que David, nuestros desaf\u00edos de supervivencia incluyen desarrollar una vida victoriosa que honre a nuestro Se\u00f1or frente a nuestros enemigos. \u00bfC\u00f3mo podemos lograrlo? David revela este camino.\u00a0<\/p><p>\u201cEns\u00e9\u00f1ame tu camino\u201d, suplica David al Se\u00f1or que le ense\u00f1e sus caminos que conducen a un sendero llano. \u00bfC\u00f3mo podemos aprender? El Esp\u00edritu de Dios que mora en nosotros es nuestro tutor para iluminar este camino llano, incluso en medio de la oscuridad de nuestros enemigos. Clara Scott compuso un himno, ahora olvidado, que hace eco de la s\u00faplica de David:<\/p><p><em>Abre mis ojos para que pueda ver<br \/><\/em><em>Destellos de verdad tienes para m\u00ed.<br \/><\/em><em>Pon en mis manos la maravillosa llave<br \/><\/em><em>Eso me soltar\u00e1 y me har\u00e1 libre.<br \/><\/em><em>Ahora te espero en silencio,<br \/><\/em><em>Listo, Dios m\u00edo, est\u00e9 tu voluntad para ver.<br \/><\/em><em>Abre mis ojos, ilum\u00edname,<br \/><\/em><em>\u00a1Esp\u00edritu divino!<\/em><\/p><p>A medida que practicamos nuestras disciplinas espirituales de oraci\u00f3n, estudio de la palabra de Dios (no solo leer un vers\u00edculo o dos), comuni\u00f3n activa con hermanos y hermanas y servicio al Cuerpo y a nuestra comunidad, nos colocamos en un &#039;Lugar Alto&#039; que nos permite decir con David:\u00a0<\/p><p><strong><em><sup>13<\/sup><\/em><\/strong><em>Creo que contemplar\u00e9 la bondad del SE\u00d1OR<\/em><\/p><p><em>\u00a1en la tierra de los vivos!<\/em><\/p><p><strong><em><sup>14<\/sup><\/em><\/strong><em>Espera en el Se\u00f1or; esfu\u00e9rzate y ali\u00e9ntese tu coraz\u00f3n; espera en el Se\u00f1or. <\/em><\/p><p>\u00a0<\/p><p><strong>Autor:<\/strong> Richard Lawson<\/p><p><strong>Otras lecturas de Cuaresma para hoy:<\/strong><\/p><ul><li>G\u00e9nesis 14:17-24<\/li><li>Filipenses 3:17-20<\/li><\/ul>\t\t\t\t\t\t\t\t<\/div>\n\t\t\t\t<\/div>\n\t\t\t\t\t<\/div>\n\t\t<\/div>\n\t\t\t\t\t<\/div>\n\t\t<\/section>\n\t\t\t\t<\/div>","protected":false},"excerpt":{"rendered":"<p>Un devocional de Cuaresma de la Iglesia Trinity Church of the Nazarene en Colorado Springs, CO.<\/p>","protected":false},"author":1,"featured_media":3333,"comment_status":"open","ping_status":"open","sticky":false,"template":"","format":"standard","meta":{"site-sidebar-layout":"default","site-content-layout":"","ast-site-content-layout":"default","site-content-style":"default","site-sidebar-style":"default","ast-global-header-display":"","ast-banner-title-visibility":"","ast-main-header-display":"","ast-hfb-above-header-display":"","ast-hfb-below-header-display":"","ast-hfb-mobile-header-display":"","site-post-title":"","ast-breadcrumbs-content":"","ast-featured-img":"","footer-sml-layout":"","ast-disable-related-posts":"","theme-transparent-header-meta":"","adv-header-id-meta":"","stick-header-meta":"","header-above-stick-meta":"","header-main-stick-meta":"","header-below-stick-meta":"","astra-migrate-meta-layouts":"set","ast-page-background-enabled":"default","ast-page-background-meta":{"desktop":{"background-color":"var(--ast-global-color-4)","background-image":"","background-repeat":"repeat","background-position":"center center","background-size":"auto","background-attachment":"scroll","background-type":"","background-media":"","overlay-type":"","overlay-color":"","overlay-opacity":"","overlay-gradient":""},"tablet":{"background-color":"","background-image":"","background-repeat":"repeat","background-position":"center center","background-size":"auto","background-attachment":"scroll","background-type":"","background-media":"","overlay-type":"","overlay-color":"","overlay-opacity":"","overlay-gradient":""},"mobile":{"background-color":"","background-image":"","background-repeat":"repeat","background-position":"center center","background-size":"auto","background-attachment":"scroll","background-type":"","background-media":"","overlay-type":"","overlay-color":"","overlay-opacity":"","overlay-gradient":""}},"ast-content-background-meta":{"desktop":{"background-color":"var(--ast-global-color-5)","background-image":"","background-repeat":"repeat","background-position":"center center","background-size":"auto","background-attachment":"scroll","background-type":"","background-media":"","overlay-type":"","overlay-color":"","overlay-opacity":"","overlay-gradient":""},"tablet":{"background-color":"var(--ast-global-color-5)","background-image":"","background-repeat":"repeat","background-position":"center center","background-size":"auto","background-attachment":"scroll","background-type":"","background-media":"","overlay-type":"","overlay-color":"","overlay-opacity":"","overlay-gradient":""},"mobile":{"background-color":"var(--ast-global-color-5)","background-image":"","background-repeat":"repeat","background-position":"center center","background-size":"auto","background-attachment":"scroll","background-type":"","background-media":"","overlay-type":"","overlay-color":"","overlay-opacity":"","overlay-gradient":""}},"_jetpack_memberships_contains_paid_content":false,"footnotes":""},"categories":[23],"tags":[],"class_list":["post-3407","post","type-post","status-publish","format-standard","has-post-thumbnail","hentry","category-lent-devotionals"],"yoast_head":"<!-- This site is optimized with the Yoast SEO plugin v27.4 - https:\/\/yoast.com\/product\/yoast-seo-wordpress\/ -->\n<title>Lent Day 10: Psalm 27 - Trinity Church of the Nazarene<\/title>\n<meta name=\"description\" content=\"A Lent Devotional from Trinity Church of the Nazarene in Colorado Springs, CO.\" \/>\n<meta name=\"robots\" content=\"index, follow, max-snippet:-1, max-image-preview:large, max-video-preview:-1\" \/>\n<link rel=\"canonical\" href=\"https:\/\/cstrinity.org\/esp\/lent-day-10-psalm-27\/\" \/>\n<meta property=\"og:locale\" content=\"es_ES\" \/>\n<meta property=\"og:type\" content=\"article\" \/>\n<meta property=\"og:title\" content=\"Lent Day 10: Psalm 27 - Trinity Church of the Nazarene\" \/>\n<meta property=\"og:description\" content=\"A Lent Devotional from Trinity Church of the Nazarene in Colorado Springs, CO.\" \/>\n<meta property=\"og:url\" content=\"https:\/\/cstrinity.org\/esp\/lent-day-10-psalm-27\/\" \/>\n<meta property=\"og:site_name\" content=\"Trinity Church of the Nazarene\" \/>\n<meta property=\"article:published_time\" content=\"2025-03-14T11:00:00+00:00\" \/>\n<meta property=\"og:image\" content=\"https:\/\/cstrinity.org\/wp-content\/uploads\/2025\/03\/Lent-Feature-Image.png\" \/>\n\t<meta property=\"og:image:width\" content=\"500\" \/>\n\t<meta property=\"og:image:height\" content=\"500\" \/>\n\t<meta property=\"og:image:type\" content=\"image\/png\" \/>\n<meta name=\"author\" content=\"Admin\" \/>\n<meta name=\"twitter:card\" content=\"summary_large_image\" \/>\n<meta name=\"twitter:label1\" content=\"Escrito por\" \/>\n\t<meta name=\"twitter:data1\" content=\"Admin\" \/>\n\t<meta name=\"twitter:label2\" content=\"Tiempo de lectura\" \/>\n\t<meta name=\"twitter:data2\" content=\"2 minutos\" \/>\n<script type=\"application\/ld+json\" class=\"yoast-schema-graph\">{\"@context\":\"https:\\\/\\\/schema.org\",\"@graph\":[{\"@type\":\"Article\",\"@id\":\"https:\\\/\\\/cstrinity.org\\\/lent-day-10-psalm-27\\\/#article\",\"isPartOf\":{\"@id\":\"https:\\\/\\\/cstrinity.org\\\/lent-day-10-psalm-27\\\/\"},\"author\":{\"name\":\"Admin\",\"@id\":\"https:\\\/\\\/cstrinity.org\\\/#\\\/schema\\\/person\\\/94934180c86d36340e02d1de584a376a\"},\"headline\":\"Lent Day 10: Psalm 27\",\"datePublished\":\"2025-03-14T11:00:00+00:00\",\"mainEntityOfPage\":{\"@id\":\"https:\\\/\\\/cstrinity.org\\\/lent-day-10-psalm-27\\\/\"},\"wordCount\":363,\"commentCount\":0,\"publisher\":{\"@id\":\"https:\\\/\\\/cstrinity.org\\\/#organization\"},\"image\":{\"@id\":\"https:\\\/\\\/cstrinity.org\\\/lent-day-10-psalm-27\\\/#primaryimage\"},\"thumbnailUrl\":\"https:\\\/\\\/cstrinity.org\\\/wp-content\\\/uploads\\\/2025\\\/03\\\/Lent-Feature-Image.png\",\"articleSection\":[\"Lent 2025 Devotionals\"],\"inLanguage\":\"es\",\"potentialAction\":[{\"@type\":\"CommentAction\",\"name\":\"Comment\",\"target\":[\"https:\\\/\\\/cstrinity.org\\\/lent-day-10-psalm-27\\\/#respond\"]}]},{\"@type\":\"WebPage\",\"@id\":\"https:\\\/\\\/cstrinity.org\\\/lent-day-10-psalm-27\\\/\",\"url\":\"https:\\\/\\\/cstrinity.org\\\/lent-day-10-psalm-27\\\/\",\"name\":\"Lent Day 10: Psalm 27 - Trinity Church of the Nazarene\",\"isPartOf\":{\"@id\":\"https:\\\/\\\/cstrinity.org\\\/#website\"},\"primaryImageOfPage\":{\"@id\":\"https:\\\/\\\/cstrinity.org\\\/lent-day-10-psalm-27\\\/#primaryimage\"},\"image\":{\"@id\":\"https:\\\/\\\/cstrinity.org\\\/lent-day-10-psalm-27\\\/#primaryimage\"},\"thumbnailUrl\":\"https:\\\/\\\/cstrinity.org\\\/wp-content\\\/uploads\\\/2025\\\/03\\\/Lent-Feature-Image.png\",\"datePublished\":\"2025-03-14T11:00:00+00:00\",\"description\":\"A Lent Devotional from Trinity Church of the Nazarene in Colorado Springs, CO.\",\"breadcrumb\":{\"@id\":\"https:\\\/\\\/cstrinity.org\\\/lent-day-10-psalm-27\\\/#breadcrumb\"},\"inLanguage\":\"es\",\"potentialAction\":[{\"@type\":\"ReadAction\",\"target\":[\"https:\\\/\\\/cstrinity.org\\\/lent-day-10-psalm-27\\\/\"]}]},{\"@type\":\"ImageObject\",\"inLanguage\":\"es\",\"@id\":\"https:\\\/\\\/cstrinity.org\\\/lent-day-10-psalm-27\\\/#primaryimage\",\"url\":\"https:\\\/\\\/cstrinity.org\\\/wp-content\\\/uploads\\\/2025\\\/03\\\/Lent-Feature-Image.png\",\"contentUrl\":\"https:\\\/\\\/cstrinity.org\\\/wp-content\\\/uploads\\\/2025\\\/03\\\/Lent-Feature-Image.png\",\"width\":500,\"height\":500,\"caption\":\"Lent Devotionals CSTrinity Feature Image\"},{\"@type\":\"BreadcrumbList\",\"@id\":\"https:\\\/\\\/cstrinity.org\\\/lent-day-10-psalm-27\\\/#breadcrumb\",\"itemListElement\":[{\"@type\":\"ListItem\",\"position\":1,\"name\":\"Home\",\"item\":\"https:\\\/\\\/cstrinity.org\\\/\"},{\"@type\":\"ListItem\",\"position\":2,\"name\":\"Lent Day 10: Psalm 27\"}]},{\"@type\":\"WebSite\",\"@id\":\"https:\\\/\\\/cstrinity.org\\\/#website\",\"url\":\"https:\\\/\\\/cstrinity.org\\\/\",\"name\":\"Trinity Church of the Nazarene\",\"description\":\"Growing Together in Jesus\",\"publisher\":{\"@id\":\"https:\\\/\\\/cstrinity.org\\\/#organization\"},\"potentialAction\":[{\"@type\":\"SearchAction\",\"target\":{\"@type\":\"EntryPoint\",\"urlTemplate\":\"https:\\\/\\\/cstrinity.org\\\/?s={search_term_string}\"},\"query-input\":{\"@type\":\"PropertyValueSpecification\",\"valueRequired\":true,\"valueName\":\"search_term_string\"}}],\"inLanguage\":\"es\"},{\"@type\":\"Organization\",\"@id\":\"https:\\\/\\\/cstrinity.org\\\/#organization\",\"name\":\"Trinity Church of the Nazarene\",\"url\":\"https:\\\/\\\/cstrinity.org\\\/\",\"logo\":{\"@type\":\"ImageObject\",\"inLanguage\":\"es\",\"@id\":\"https:\\\/\\\/cstrinity.org\\\/#\\\/schema\\\/logo\\\/image\\\/\",\"url\":\"https:\\\/\\\/cstrinity.org\\\/wp-content\\\/uploads\\\/2026\\\/04\\\/CircleIconEmpty-BlueGreen.png\",\"contentUrl\":\"https:\\\/\\\/cstrinity.org\\\/wp-content\\\/uploads\\\/2026\\\/04\\\/CircleIconEmpty-BlueGreen.png\",\"width\":500,\"height\":500,\"caption\":\"Trinity Church of the Nazarene\"},\"image\":{\"@id\":\"https:\\\/\\\/cstrinity.org\\\/#\\\/schema\\\/logo\\\/image\\\/\"}},{\"@type\":\"Person\",\"@id\":\"https:\\\/\\\/cstrinity.org\\\/#\\\/schema\\\/person\\\/94934180c86d36340e02d1de584a376a\",\"name\":\"Admin\",\"image\":{\"@type\":\"ImageObject\",\"inLanguage\":\"es\",\"@id\":\"https:\\\/\\\/secure.gravatar.com\\\/avatar\\\/4a5a0160e6354f2c9cfdf3acd951b77ea027ba2357f3cd4a58a9db9b281e5b86?s=96&d=mm&r=g\",\"url\":\"https:\\\/\\\/secure.gravatar.com\\\/avatar\\\/4a5a0160e6354f2c9cfdf3acd951b77ea027ba2357f3cd4a58a9db9b281e5b86?s=96&d=mm&r=g\",\"contentUrl\":\"https:\\\/\\\/secure.gravatar.com\\\/avatar\\\/4a5a0160e6354f2c9cfdf3acd951b77ea027ba2357f3cd4a58a9db9b281e5b86?s=96&d=mm&r=g\",\"caption\":\"Admin\"},\"sameAs\":[\"http:\\\/\\\/cstrinity.org\"],\"url\":\"https:\\\/\\\/cstrinity.org\\\/esp\\\/author\\\/deltadesignsolutionsllcgmail-com\\\/\"}]}<\/script>\n<!-- \/ Yoast SEO plugin. -->","yoast_head_json":{"title":"Lent Day 10: Psalm 27 - Trinity Church of the Nazarene","description":"Un devocional de Cuaresma de la Iglesia Trinity Church of the Nazarene en Colorado Springs, CO.","robots":{"index":"index","follow":"follow","max-snippet":"max-snippet:-1","max-image-preview":"max-image-preview:large","max-video-preview":"max-video-preview:-1"},"canonical":"https:\/\/cstrinity.org\/esp\/lent-day-10-psalm-27\/","og_locale":"es_ES","og_type":"article","og_title":"Lent Day 10: Psalm 27 - Trinity Church of the Nazarene","og_description":"A Lent Devotional from Trinity Church of the Nazarene in Colorado Springs, CO.","og_url":"https:\/\/cstrinity.org\/esp\/lent-day-10-psalm-27\/","og_site_name":"Trinity Church of the Nazarene","article_published_time":"2025-03-14T11:00:00+00:00","og_image":[{"width":500,"height":500,"url":"https:\/\/cstrinity.org\/wp-content\/uploads\/2025\/03\/Lent-Feature-Image.png","type":"image\/png"}],"author":"Admin","twitter_card":"summary_large_image","twitter_misc":{"Escrito por":"Admin","Tiempo de lectura":"2 minutos"},"schema":{"@context":"https:\/\/schema.org","@graph":[{"@type":"Article","@id":"https:\/\/cstrinity.org\/lent-day-10-psalm-27\/#article","isPartOf":{"@id":"https:\/\/cstrinity.org\/lent-day-10-psalm-27\/"},"author":{"name":"Admin","@id":"https:\/\/cstrinity.org\/#\/schema\/person\/94934180c86d36340e02d1de584a376a"},"headline":"Lent Day 10: Psalm 27","datePublished":"2025-03-14T11:00:00+00:00","mainEntityOfPage":{"@id":"https:\/\/cstrinity.org\/lent-day-10-psalm-27\/"},"wordCount":363,"commentCount":0,"publisher":{"@id":"https:\/\/cstrinity.org\/#organization"},"image":{"@id":"https:\/\/cstrinity.org\/lent-day-10-psalm-27\/#primaryimage"},"thumbnailUrl":"https:\/\/cstrinity.org\/wp-content\/uploads\/2025\/03\/Lent-Feature-Image.png","articleSection":["Lent 2025 Devotionals"],"inLanguage":"es","potentialAction":[{"@type":"CommentAction","name":"Comment","target":["https:\/\/cstrinity.org\/lent-day-10-psalm-27\/#respond"]}]},{"@type":"WebPage","@id":"https:\/\/cstrinity.org\/lent-day-10-psalm-27\/","url":"https:\/\/cstrinity.org\/lent-day-10-psalm-27\/","name":"Lent Day 10: Psalm 27 - Trinity Church of the Nazarene","isPartOf":{"@id":"https:\/\/cstrinity.org\/#website"},"primaryImageOfPage":{"@id":"https:\/\/cstrinity.org\/lent-day-10-psalm-27\/#primaryimage"},"image":{"@id":"https:\/\/cstrinity.org\/lent-day-10-psalm-27\/#primaryimage"},"thumbnailUrl":"https:\/\/cstrinity.org\/wp-content\/uploads\/2025\/03\/Lent-Feature-Image.png","datePublished":"2025-03-14T11:00:00+00:00","description":"Un devocional de Cuaresma de la Iglesia Trinity Church of the Nazarene en Colorado Springs, CO.","breadcrumb":{"@id":"https:\/\/cstrinity.org\/lent-day-10-psalm-27\/#breadcrumb"},"inLanguage":"es","potentialAction":[{"@type":"ReadAction","target":["https:\/\/cstrinity.org\/lent-day-10-psalm-27\/"]}]},{"@type":"ImageObject","inLanguage":"es","@id":"https:\/\/cstrinity.org\/lent-day-10-psalm-27\/#primaryimage","url":"https:\/\/cstrinity.org\/wp-content\/uploads\/2025\/03\/Lent-Feature-Image.png","contentUrl":"https:\/\/cstrinity.org\/wp-content\/uploads\/2025\/03\/Lent-Feature-Image.png","width":500,"height":500,"caption":"Lent Devotionals CSTrinity Feature Image"},{"@type":"BreadcrumbList","@id":"https:\/\/cstrinity.org\/lent-day-10-psalm-27\/#breadcrumb","itemListElement":[{"@type":"ListItem","position":1,"name":"Home","item":"https:\/\/cstrinity.org\/"},{"@type":"ListItem","position":2,"name":"Lent Day 10: Psalm 27"}]},{"@type":"WebSite","@id":"https:\/\/cstrinity.org\/#website","url":"https:\/\/cstrinity.org\/","name":"Iglesia de la Trinidad del Nazareno","description":"Creciendo Juntos en Jes\u00fas","publisher":{"@id":"https:\/\/cstrinity.org\/#organization"},"potentialAction":[{"@type":"SearchAction","target":{"@type":"EntryPoint","urlTemplate":"https:\/\/cstrinity.org\/?s={search_term_string}"},"query-input":{"@type":"PropertyValueSpecification","valueRequired":true,"valueName":"search_term_string"}}],"inLanguage":"es"},{"@type":"Organization","@id":"https:\/\/cstrinity.org\/#organization","name":"Iglesia de la Trinidad del Nazareno","url":"https:\/\/cstrinity.org\/","logo":{"@type":"ImageObject","inLanguage":"es","@id":"https:\/\/cstrinity.org\/#\/schema\/logo\/image\/","url":"https:\/\/cstrinity.org\/wp-content\/uploads\/2026\/04\/CircleIconEmpty-BlueGreen.png","contentUrl":"https:\/\/cstrinity.org\/wp-content\/uploads\/2026\/04\/CircleIconEmpty-BlueGreen.png","width":500,"height":500,"caption":"Trinity Church of the Nazarene"},"image":{"@id":"https:\/\/cstrinity.org\/#\/schema\/logo\/image\/"}},{"@type":"Person","@id":"https:\/\/cstrinity.org\/#\/schema\/person\/94934180c86d36340e02d1de584a376a","name":"Administraci\u00f3n","image":{"@type":"ImageObject","inLanguage":"es","@id":"https:\/\/secure.gravatar.com\/avatar\/4a5a0160e6354f2c9cfdf3acd951b77ea027ba2357f3cd4a58a9db9b281e5b86?s=96&d=mm&r=g","url":"https:\/\/secure.gravatar.com\/avatar\/4a5a0160e6354f2c9cfdf3acd951b77ea027ba2357f3cd4a58a9db9b281e5b86?s=96&d=mm&r=g","contentUrl":"https:\/\/secure.gravatar.com\/avatar\/4a5a0160e6354f2c9cfdf3acd951b77ea027ba2357f3cd4a58a9db9b281e5b86?s=96&d=mm&r=g","caption":"Admin"},"sameAs":["http:\/\/cstrinity.org"],"url":"https:\/\/cstrinity.org\/esp\/author\/deltadesignsolutionsllcgmail-com\/"}]}},"jetpack_featured_media_url":"https:\/\/cstrinity.org\/wp-content\/uploads\/2025\/03\/Lent-Feature-Image.png","jetpack_sharing_enabled":true,"_links":{"self":[{"href":"https:\/\/cstrinity.org\/esp\/wp-json\/wp\/v2\/posts\/3407","targetHints":{"allow":["GET"]}}],"collection":[{"href":"https:\/\/cstrinity.org\/esp\/wp-json\/wp\/v2\/posts"}],"about":[{"href":"https:\/\/cstrinity.org\/esp\/wp-json\/wp\/v2\/types\/post"}],"author":[{"embeddable":true,"href":"https:\/\/cstrinity.org\/esp\/wp-json\/wp\/v2\/users\/1"}],"replies":[{"embeddable":true,"href":"https:\/\/cstrinity.org\/esp\/wp-json\/wp\/v2\/comments?post=3407"}],"version-history":[{"count":0,"href":"https:\/\/cstrinity.org\/esp\/wp-json\/wp\/v2\/posts\/3407\/revisions"}],"wp:featuredmedia":[{"embeddable":true,"href":"https:\/\/cstrinity.org\/esp\/wp-json\/wp\/v2\/media\/3333"}],"wp:attachment":[{"href":"https:\/\/cstrinity.org\/esp\/wp-json\/wp\/v2\/media?parent=3407"}],"wp:term":[{"taxonomy":"category","embeddable":true,"href":"https:\/\/cstrinity.org\/esp\/wp-json\/wp\/v2\/categories?post=3407"},{"taxonomy":"post_tag","embeddable":true,"href":"https:\/\/cstrinity.org\/esp\/wp-json\/wp\/v2\/tags?post=3407"}],"curies":[{"name":"gracias","href":"https:\/\/api.w.org\/{rel}","templated":true}]}}