{"id":3488,"date":"2025-03-27T05:00:00","date_gmt":"2025-03-27T11:00:00","guid":{"rendered":"https:\/\/cstrinity.org\/?p=3488"},"modified":"2025-03-24T14:34:09","modified_gmt":"2025-03-24T20:34:09","slug":"lent-day-23-psalm-32-part-1","status":"publish","type":"post","link":"https:\/\/cstrinity.org\/esp\/lent-day-23-psalm-32-part-1\/","title":{"rendered":"D\u00eda 23 de Cuaresma: Salmo 32 (Parte 1)"},"content":{"rendered":"<div data-elementor-type=\"wp-post\" data-elementor-id=\"3488\" class=\"elementor elementor-3488\" data-elementor-post-type=\"post\">\n\t\t\t\t\t\t<section class=\"elementor-section elementor-top-section elementor-element elementor-element-e950d2e elementor-section-boxed elementor-section-height-default elementor-section-height-default\" data-id=\"e950d2e\" data-element_type=\"section\" data-e-type=\"section\">\n\t\t\t\t\t\t<div class=\"elementor-container elementor-column-gap-default\">\n\t\t\t\t\t<div class=\"elementor-column elementor-col-100 elementor-top-column elementor-element elementor-element-a402bc3\" data-id=\"a402bc3\" data-element_type=\"column\" data-e-type=\"column\">\n\t\t\t<div class=\"elementor-widget-wrap elementor-element-populated\">\n\t\t\t\t\t\t<div class=\"elementor-element elementor-element-3cd33cf elementor-widget elementor-widget-text-editor\" data-id=\"3cd33cf\" data-element_type=\"widget\" data-e-type=\"widget\" data-widget_type=\"text-editor.default\">\n\t\t\t\t<div class=\"elementor-widget-container\">\n\t\t\t\t\t\t\t\t\t<p><strong>Una contemplaci\u00f3n de David<\/strong><\/p><p>\u201cContemplaci\u00f3n: Un pensamiento reflexivo profundo.\u201d<\/p><p>\u00a0<\/p><p><em>Bienaventurado aquel cuya transgresi\u00f3n es perdonada, cuyo pecado es cubierto. Bienaventurado el hombre a quien el Se\u00f1or no culpa de iniquidad, y en cuyo esp\u00edritu no hay enga\u00f1o. <br \/>(Salmo 32:1-2 NVI)<\/em><\/p><p><em>\u00a0<\/em><\/p><p>En mi experiencia de caminar con el Se\u00f1or, he tenido muchos momentos de contemplaci\u00f3n. La Cuaresma es un tiempo para tales contemplaciones. Para ello, necesito tranquilidad. En ese lugar de quietud, mi mente subconsciente y mi mente consciente se fusionan, aparentemente en un solo proceso de pensamiento. Es en esos momentos que encuentro al Esp\u00edritu Santo habl\u00e1ndome profundamente al coraz\u00f3n: momentos de confesi\u00f3n, reflexi\u00f3n, correcci\u00f3n y momentos para escuchar y conocer la voluntad de Dios.<\/p><p>\u00a0<\/p><p>El mayor de estos momentos de contemplaci\u00f3n es reflexionar sobre mi vida en Cristo Jes\u00fas. Es un examen de mi esp\u00edritu con honestidad \u2014un tiempo de humildad y, a la vez, edificante\u2014, pues deseo agradarle. Miqueas 6:8 resume las expectativas de Dios, de lo que debo ser como cristiano:<\/p><p>\u00a0<\/p><p><em>\u00c9l te ha mostrado, oh mortal, lo que es bueno. \u00bfY qu\u00e9 exige el Se\u00f1or de ti? Actuar con justicia, amar la misericordia y andar humildemente con tu Dios. <\/em><\/p><p><em>\u00a0<\/em><\/p><p>En este Salmo de David, escuchamos el clamor de su coraz\u00f3n mientras busca perd\u00f3n. Solo entonces percibimos la alegr\u00eda que emana al encontrar, en el perd\u00f3n de Dios, una dulce liberaci\u00f3n. La profunda reflexi\u00f3n de David, contemplando y afligiendo su pecado, le hizo consciente de su gran necesidad de perd\u00f3n. Porque, como ven, ya sea un pecado profundo en su vida o el pecado que algunos descartan como error humano, ambos son pecados que buscan justificar sus comportamientos.<\/p><p>\u00a0<\/p><p>Los animo a atreverse a encontrar ese lugar tranquilo ante Dios y a contemplar sus palabras y comportamientos. Es humilde, pero al final es gozoso, al purificar sus palabras y pensamientos y sopesar su comportamiento ante un Dios que perdona.<\/p><p>\u00a0<\/p><p>El crecimiento espiritual comienza o se renueva en esta alegr\u00eda de los pecados perdonados.<\/p><p><strong>\u00a0<\/strong><\/p><p><strong>Autor: <\/strong>Norma Lee Hyde<\/p><p><strong>Otras lecturas de Cuaresma para hoy: <\/strong><\/p><ul><li>Josu\u00e9 4:1-13<\/li><li>2 Corintios 4:16-5:5<\/li><\/ul>\t\t\t\t\t\t\t\t<\/div>\n\t\t\t\t<\/div>\n\t\t\t\t\t<\/div>\n\t\t<\/div>\n\t\t\t\t\t<\/div>\n\t\t<\/section>\n\t\t\t\t<\/div>","protected":false},"excerpt":{"rendered":"<p>Un devocional de Cuaresma de la Iglesia Trinity Church of the Nazarene en Colorado Springs, CO.<\/p>","protected":false},"author":1,"featured_media":3333,"comment_status":"open","ping_status":"open","sticky":false,"template":"","format":"standard","meta":{"site-sidebar-layout":"default","site-content-layout":"","ast-site-content-layout":"default","site-content-style":"default","site-sidebar-style":"default","ast-global-header-display":"","ast-banner-title-visibility":"","ast-main-header-display":"","ast-hfb-above-header-display":"","ast-hfb-below-header-display":"","ast-hfb-mobile-header-display":"","site-post-title":"","ast-breadcrumbs-content":"","ast-featured-img":"","footer-sml-layout":"","ast-disable-related-posts":"","theme-transparent-header-meta":"","adv-header-id-meta":"","stick-header-meta":"","header-above-stick-meta":"","header-main-stick-meta":"","header-below-stick-meta":"","astra-migrate-meta-layouts":"set","ast-page-background-enabled":"default","ast-page-background-meta":{"desktop":{"background-color":"var(--ast-global-color-4)","background-image":"","background-repeat":"repeat","background-position":"center center","background-size":"auto","background-attachment":"scroll","background-type":"","background-media":"","overlay-type":"","overlay-color":"","overlay-opacity":"","overlay-gradient":""},"tablet":{"background-color":"","background-image":"","background-repeat":"repeat","background-position":"center center","background-size":"auto","background-attachment":"scroll","background-type":"","background-media":"","overlay-type":"","overlay-color":"","overlay-opacity":"","overlay-gradient":""},"mobile":{"background-color":"","background-image":"","background-repeat":"repeat","background-position":"center center","background-size":"auto","background-attachment":"scroll","background-type":"","background-media":"","overlay-type":"","overlay-color":"","overlay-opacity":"","overlay-gradient":""}},"ast-content-background-meta":{"desktop":{"background-color":"var(--ast-global-color-5)","background-image":"","background-repeat":"repeat","background-position":"center center","background-size":"auto","background-attachment":"scroll","background-type":"","background-media":"","overlay-type":"","overlay-color":"","overlay-opacity":"","overlay-gradient":""},"tablet":{"background-color":"var(--ast-global-color-5)","background-image":"","background-repeat":"repeat","background-position":"center center","background-size":"auto","background-attachment":"scroll","background-type":"","background-media":"","overlay-type":"","overlay-color":"","overlay-opacity":"","overlay-gradient":""},"mobile":{"background-color":"var(--ast-global-color-5)","background-image":"","background-repeat":"repeat","background-position":"center center","background-size":"auto","background-attachment":"scroll","background-type":"","background-media":"","overlay-type":"","overlay-color":"","overlay-opacity":"","overlay-gradient":""}},"_jetpack_memberships_contains_paid_content":false,"footnotes":""},"categories":[23],"tags":[],"class_list":["post-3488","post","type-post","status-publish","format-standard","has-post-thumbnail","hentry","category-lent-devotionals"],"yoast_head":"<!-- This site is optimized with the Yoast SEO plugin v27.4 - https:\/\/yoast.com\/product\/yoast-seo-wordpress\/ -->\n<title>Lent Day 23: Psalm 32 (Part 1) - Trinity Church of the Nazarene<\/title>\n<meta name=\"description\" content=\"A Lent Devotional from Trinity Church of the Nazarene in Colorado Springs, CO.\" \/>\n<meta name=\"robots\" content=\"index, follow, max-snippet:-1, max-image-preview:large, max-video-preview:-1\" \/>\n<link rel=\"canonical\" href=\"https:\/\/cstrinity.org\/esp\/lent-day-23-psalm-32-part-1\/\" \/>\n<meta property=\"og:locale\" content=\"es_ES\" \/>\n<meta property=\"og:type\" content=\"article\" \/>\n<meta property=\"og:title\" content=\"Lent Day 23: Psalm 32 (Part 1) - Trinity Church of the Nazarene\" \/>\n<meta property=\"og:description\" content=\"A Lent Devotional from Trinity Church of the Nazarene in Colorado Springs, CO.\" \/>\n<meta property=\"og:url\" content=\"https:\/\/cstrinity.org\/esp\/lent-day-23-psalm-32-part-1\/\" \/>\n<meta property=\"og:site_name\" content=\"Trinity Church of the Nazarene\" \/>\n<meta property=\"article:published_time\" content=\"2025-03-27T11:00:00+00:00\" \/>\n<meta property=\"og:image\" content=\"https:\/\/cstrinity.org\/wp-content\/uploads\/2025\/03\/Lent-Feature-Image.png\" \/>\n\t<meta property=\"og:image:width\" content=\"500\" \/>\n\t<meta property=\"og:image:height\" content=\"500\" \/>\n\t<meta property=\"og:image:type\" content=\"image\/png\" \/>\n<meta name=\"author\" content=\"Admin\" \/>\n<meta name=\"twitter:card\" content=\"summary_large_image\" \/>\n<meta name=\"twitter:label1\" content=\"Escrito por\" \/>\n\t<meta name=\"twitter:data1\" content=\"Admin\" \/>\n\t<meta name=\"twitter:label2\" content=\"Tiempo de lectura\" \/>\n\t<meta name=\"twitter:data2\" content=\"2 minutos\" \/>\n<script type=\"application\/ld+json\" class=\"yoast-schema-graph\">{\"@context\":\"https:\\\/\\\/schema.org\",\"@graph\":[{\"@type\":\"Article\",\"@id\":\"https:\\\/\\\/cstrinity.org\\\/lent-day-23-psalm-32-part-1\\\/#article\",\"isPartOf\":{\"@id\":\"https:\\\/\\\/cstrinity.org\\\/lent-day-23-psalm-32-part-1\\\/\"},\"author\":{\"name\":\"Admin\",\"@id\":\"https:\\\/\\\/cstrinity.org\\\/#\\\/schema\\\/person\\\/94934180c86d36340e02d1de584a376a\"},\"headline\":\"Lent Day 23: Psalm 32 (Part 1)\",\"datePublished\":\"2025-03-27T11:00:00+00:00\",\"mainEntityOfPage\":{\"@id\":\"https:\\\/\\\/cstrinity.org\\\/lent-day-23-psalm-32-part-1\\\/\"},\"wordCount\":357,\"commentCount\":0,\"publisher\":{\"@id\":\"https:\\\/\\\/cstrinity.org\\\/#organization\"},\"image\":{\"@id\":\"https:\\\/\\\/cstrinity.org\\\/lent-day-23-psalm-32-part-1\\\/#primaryimage\"},\"thumbnailUrl\":\"https:\\\/\\\/cstrinity.org\\\/wp-content\\\/uploads\\\/2025\\\/03\\\/Lent-Feature-Image.png\",\"articleSection\":[\"Lent 2025 Devotionals\"],\"inLanguage\":\"es\",\"potentialAction\":[{\"@type\":\"CommentAction\",\"name\":\"Comment\",\"target\":[\"https:\\\/\\\/cstrinity.org\\\/lent-day-23-psalm-32-part-1\\\/#respond\"]}]},{\"@type\":\"WebPage\",\"@id\":\"https:\\\/\\\/cstrinity.org\\\/lent-day-23-psalm-32-part-1\\\/\",\"url\":\"https:\\\/\\\/cstrinity.org\\\/lent-day-23-psalm-32-part-1\\\/\",\"name\":\"Lent Day 23: Psalm 32 (Part 1) - Trinity Church of the Nazarene\",\"isPartOf\":{\"@id\":\"https:\\\/\\\/cstrinity.org\\\/#website\"},\"primaryImageOfPage\":{\"@id\":\"https:\\\/\\\/cstrinity.org\\\/lent-day-23-psalm-32-part-1\\\/#primaryimage\"},\"image\":{\"@id\":\"https:\\\/\\\/cstrinity.org\\\/lent-day-23-psalm-32-part-1\\\/#primaryimage\"},\"thumbnailUrl\":\"https:\\\/\\\/cstrinity.org\\\/wp-content\\\/uploads\\\/2025\\\/03\\\/Lent-Feature-Image.png\",\"datePublished\":\"2025-03-27T11:00:00+00:00\",\"description\":\"A Lent Devotional from Trinity Church of the Nazarene in Colorado Springs, CO.\",\"breadcrumb\":{\"@id\":\"https:\\\/\\\/cstrinity.org\\\/lent-day-23-psalm-32-part-1\\\/#breadcrumb\"},\"inLanguage\":\"es\",\"potentialAction\":[{\"@type\":\"ReadAction\",\"target\":[\"https:\\\/\\\/cstrinity.org\\\/lent-day-23-psalm-32-part-1\\\/\"]}]},{\"@type\":\"ImageObject\",\"inLanguage\":\"es\",\"@id\":\"https:\\\/\\\/cstrinity.org\\\/lent-day-23-psalm-32-part-1\\\/#primaryimage\",\"url\":\"https:\\\/\\\/cstrinity.org\\\/wp-content\\\/uploads\\\/2025\\\/03\\\/Lent-Feature-Image.png\",\"contentUrl\":\"https:\\\/\\\/cstrinity.org\\\/wp-content\\\/uploads\\\/2025\\\/03\\\/Lent-Feature-Image.png\",\"width\":500,\"height\":500,\"caption\":\"Lent Devotionals CSTrinity Feature Image\"},{\"@type\":\"BreadcrumbList\",\"@id\":\"https:\\\/\\\/cstrinity.org\\\/lent-day-23-psalm-32-part-1\\\/#breadcrumb\",\"itemListElement\":[{\"@type\":\"ListItem\",\"position\":1,\"name\":\"Home\",\"item\":\"https:\\\/\\\/cstrinity.org\\\/\"},{\"@type\":\"ListItem\",\"position\":2,\"name\":\"Lent Day 23: Psalm 32 (Part 1)\"}]},{\"@type\":\"WebSite\",\"@id\":\"https:\\\/\\\/cstrinity.org\\\/#website\",\"url\":\"https:\\\/\\\/cstrinity.org\\\/\",\"name\":\"Trinity Church of the Nazarene\",\"description\":\"Growing Together in Jesus\",\"publisher\":{\"@id\":\"https:\\\/\\\/cstrinity.org\\\/#organization\"},\"potentialAction\":[{\"@type\":\"SearchAction\",\"target\":{\"@type\":\"EntryPoint\",\"urlTemplate\":\"https:\\\/\\\/cstrinity.org\\\/?s={search_term_string}\"},\"query-input\":{\"@type\":\"PropertyValueSpecification\",\"valueRequired\":true,\"valueName\":\"search_term_string\"}}],\"inLanguage\":\"es\"},{\"@type\":\"Organization\",\"@id\":\"https:\\\/\\\/cstrinity.org\\\/#organization\",\"name\":\"Trinity Church of the Nazarene\",\"url\":\"https:\\\/\\\/cstrinity.org\\\/\",\"logo\":{\"@type\":\"ImageObject\",\"inLanguage\":\"es\",\"@id\":\"https:\\\/\\\/cstrinity.org\\\/#\\\/schema\\\/logo\\\/image\\\/\",\"url\":\"https:\\\/\\\/cstrinity.org\\\/wp-content\\\/uploads\\\/2026\\\/04\\\/CircleIconEmpty-BlueGreen.png\",\"contentUrl\":\"https:\\\/\\\/cstrinity.org\\\/wp-content\\\/uploads\\\/2026\\\/04\\\/CircleIconEmpty-BlueGreen.png\",\"width\":500,\"height\":500,\"caption\":\"Trinity Church of the Nazarene\"},\"image\":{\"@id\":\"https:\\\/\\\/cstrinity.org\\\/#\\\/schema\\\/logo\\\/image\\\/\"}},{\"@type\":\"Person\",\"@id\":\"https:\\\/\\\/cstrinity.org\\\/#\\\/schema\\\/person\\\/94934180c86d36340e02d1de584a376a\",\"name\":\"Admin\",\"image\":{\"@type\":\"ImageObject\",\"inLanguage\":\"es\",\"@id\":\"https:\\\/\\\/secure.gravatar.com\\\/avatar\\\/4a5a0160e6354f2c9cfdf3acd951b77ea027ba2357f3cd4a58a9db9b281e5b86?s=96&d=mm&r=g\",\"url\":\"https:\\\/\\\/secure.gravatar.com\\\/avatar\\\/4a5a0160e6354f2c9cfdf3acd951b77ea027ba2357f3cd4a58a9db9b281e5b86?s=96&d=mm&r=g\",\"contentUrl\":\"https:\\\/\\\/secure.gravatar.com\\\/avatar\\\/4a5a0160e6354f2c9cfdf3acd951b77ea027ba2357f3cd4a58a9db9b281e5b86?s=96&d=mm&r=g\",\"caption\":\"Admin\"},\"sameAs\":[\"http:\\\/\\\/cstrinity.org\"],\"url\":\"https:\\\/\\\/cstrinity.org\\\/esp\\\/author\\\/deltadesignsolutionsllcgmail-com\\\/\"}]}<\/script>\n<!-- \/ Yoast SEO plugin. -->","yoast_head_json":{"title":"Lent Day 23: Psalm 32 (Part 1) - Trinity Church of the Nazarene","description":"Un devocional de Cuaresma de la Iglesia Trinity Church of the Nazarene en Colorado Springs, CO.","robots":{"index":"index","follow":"follow","max-snippet":"max-snippet:-1","max-image-preview":"max-image-preview:large","max-video-preview":"max-video-preview:-1"},"canonical":"https:\/\/cstrinity.org\/esp\/lent-day-23-psalm-32-part-1\/","og_locale":"es_ES","og_type":"article","og_title":"Lent Day 23: Psalm 32 (Part 1) - Trinity Church of the Nazarene","og_description":"A Lent Devotional from Trinity Church of the Nazarene in Colorado Springs, CO.","og_url":"https:\/\/cstrinity.org\/esp\/lent-day-23-psalm-32-part-1\/","og_site_name":"Trinity Church of the Nazarene","article_published_time":"2025-03-27T11:00:00+00:00","og_image":[{"width":500,"height":500,"url":"https:\/\/cstrinity.org\/wp-content\/uploads\/2025\/03\/Lent-Feature-Image.png","type":"image\/png"}],"author":"Admin","twitter_card":"summary_large_image","twitter_misc":{"Escrito por":"Admin","Tiempo de lectura":"2 minutos"},"schema":{"@context":"https:\/\/schema.org","@graph":[{"@type":"Article","@id":"https:\/\/cstrinity.org\/lent-day-23-psalm-32-part-1\/#article","isPartOf":{"@id":"https:\/\/cstrinity.org\/lent-day-23-psalm-32-part-1\/"},"author":{"name":"Admin","@id":"https:\/\/cstrinity.org\/#\/schema\/person\/94934180c86d36340e02d1de584a376a"},"headline":"Lent Day 23: Psalm 32 (Part 1)","datePublished":"2025-03-27T11:00:00+00:00","mainEntityOfPage":{"@id":"https:\/\/cstrinity.org\/lent-day-23-psalm-32-part-1\/"},"wordCount":357,"commentCount":0,"publisher":{"@id":"https:\/\/cstrinity.org\/#organization"},"image":{"@id":"https:\/\/cstrinity.org\/lent-day-23-psalm-32-part-1\/#primaryimage"},"thumbnailUrl":"https:\/\/cstrinity.org\/wp-content\/uploads\/2025\/03\/Lent-Feature-Image.png","articleSection":["Lent 2025 Devotionals"],"inLanguage":"es","potentialAction":[{"@type":"CommentAction","name":"Comment","target":["https:\/\/cstrinity.org\/lent-day-23-psalm-32-part-1\/#respond"]}]},{"@type":"WebPage","@id":"https:\/\/cstrinity.org\/lent-day-23-psalm-32-part-1\/","url":"https:\/\/cstrinity.org\/lent-day-23-psalm-32-part-1\/","name":"Lent Day 23: Psalm 32 (Part 1) - Trinity Church of the Nazarene","isPartOf":{"@id":"https:\/\/cstrinity.org\/#website"},"primaryImageOfPage":{"@id":"https:\/\/cstrinity.org\/lent-day-23-psalm-32-part-1\/#primaryimage"},"image":{"@id":"https:\/\/cstrinity.org\/lent-day-23-psalm-32-part-1\/#primaryimage"},"thumbnailUrl":"https:\/\/cstrinity.org\/wp-content\/uploads\/2025\/03\/Lent-Feature-Image.png","datePublished":"2025-03-27T11:00:00+00:00","description":"Un devocional de Cuaresma de la Iglesia Trinity Church of the Nazarene en Colorado Springs, CO.","breadcrumb":{"@id":"https:\/\/cstrinity.org\/lent-day-23-psalm-32-part-1\/#breadcrumb"},"inLanguage":"es","potentialAction":[{"@type":"ReadAction","target":["https:\/\/cstrinity.org\/lent-day-23-psalm-32-part-1\/"]}]},{"@type":"ImageObject","inLanguage":"es","@id":"https:\/\/cstrinity.org\/lent-day-23-psalm-32-part-1\/#primaryimage","url":"https:\/\/cstrinity.org\/wp-content\/uploads\/2025\/03\/Lent-Feature-Image.png","contentUrl":"https:\/\/cstrinity.org\/wp-content\/uploads\/2025\/03\/Lent-Feature-Image.png","width":500,"height":500,"caption":"Lent Devotionals CSTrinity Feature Image"},{"@type":"BreadcrumbList","@id":"https:\/\/cstrinity.org\/lent-day-23-psalm-32-part-1\/#breadcrumb","itemListElement":[{"@type":"ListItem","position":1,"name":"Home","item":"https:\/\/cstrinity.org\/"},{"@type":"ListItem","position":2,"name":"Lent Day 23: Psalm 32 (Part 1)"}]},{"@type":"WebSite","@id":"https:\/\/cstrinity.org\/#website","url":"https:\/\/cstrinity.org\/","name":"Iglesia de la Trinidad del Nazareno","description":"Creciendo Juntos en Jes\u00fas","publisher":{"@id":"https:\/\/cstrinity.org\/#organization"},"potentialAction":[{"@type":"SearchAction","target":{"@type":"EntryPoint","urlTemplate":"https:\/\/cstrinity.org\/?s={search_term_string}"},"query-input":{"@type":"PropertyValueSpecification","valueRequired":true,"valueName":"search_term_string"}}],"inLanguage":"es"},{"@type":"Organization","@id":"https:\/\/cstrinity.org\/#organization","name":"Iglesia de la Trinidad del Nazareno","url":"https:\/\/cstrinity.org\/","logo":{"@type":"ImageObject","inLanguage":"es","@id":"https:\/\/cstrinity.org\/#\/schema\/logo\/image\/","url":"https:\/\/cstrinity.org\/wp-content\/uploads\/2026\/04\/CircleIconEmpty-BlueGreen.png","contentUrl":"https:\/\/cstrinity.org\/wp-content\/uploads\/2026\/04\/CircleIconEmpty-BlueGreen.png","width":500,"height":500,"caption":"Trinity Church of the Nazarene"},"image":{"@id":"https:\/\/cstrinity.org\/#\/schema\/logo\/image\/"}},{"@type":"Person","@id":"https:\/\/cstrinity.org\/#\/schema\/person\/94934180c86d36340e02d1de584a376a","name":"Administraci\u00f3n","image":{"@type":"ImageObject","inLanguage":"es","@id":"https:\/\/secure.gravatar.com\/avatar\/4a5a0160e6354f2c9cfdf3acd951b77ea027ba2357f3cd4a58a9db9b281e5b86?s=96&d=mm&r=g","url":"https:\/\/secure.gravatar.com\/avatar\/4a5a0160e6354f2c9cfdf3acd951b77ea027ba2357f3cd4a58a9db9b281e5b86?s=96&d=mm&r=g","contentUrl":"https:\/\/secure.gravatar.com\/avatar\/4a5a0160e6354f2c9cfdf3acd951b77ea027ba2357f3cd4a58a9db9b281e5b86?s=96&d=mm&r=g","caption":"Admin"},"sameAs":["http:\/\/cstrinity.org"],"url":"https:\/\/cstrinity.org\/esp\/author\/deltadesignsolutionsllcgmail-com\/"}]}},"jetpack_featured_media_url":"https:\/\/cstrinity.org\/wp-content\/uploads\/2025\/03\/Lent-Feature-Image.png","jetpack_sharing_enabled":true,"_links":{"self":[{"href":"https:\/\/cstrinity.org\/esp\/wp-json\/wp\/v2\/posts\/3488","targetHints":{"allow":["GET"]}}],"collection":[{"href":"https:\/\/cstrinity.org\/esp\/wp-json\/wp\/v2\/posts"}],"about":[{"href":"https:\/\/cstrinity.org\/esp\/wp-json\/wp\/v2\/types\/post"}],"author":[{"embeddable":true,"href":"https:\/\/cstrinity.org\/esp\/wp-json\/wp\/v2\/users\/1"}],"replies":[{"embeddable":true,"href":"https:\/\/cstrinity.org\/esp\/wp-json\/wp\/v2\/comments?post=3488"}],"version-history":[{"count":0,"href":"https:\/\/cstrinity.org\/esp\/wp-json\/wp\/v2\/posts\/3488\/revisions"}],"wp:featuredmedia":[{"embeddable":true,"href":"https:\/\/cstrinity.org\/esp\/wp-json\/wp\/v2\/media\/3333"}],"wp:attachment":[{"href":"https:\/\/cstrinity.org\/esp\/wp-json\/wp\/v2\/media?parent=3488"}],"wp:term":[{"taxonomy":"category","embeddable":true,"href":"https:\/\/cstrinity.org\/esp\/wp-json\/wp\/v2\/categories?post=3488"},{"taxonomy":"post_tag","embeddable":true,"href":"https:\/\/cstrinity.org\/esp\/wp-json\/wp\/v2\/tags?post=3488"}],"curies":[{"name":"gracias","href":"https:\/\/api.w.org\/{rel}","templated":true}]}}