{"id":3503,"date":"2025-03-30T05:00:00","date_gmt":"2025-03-30T11:00:00","guid":{"rendered":"https:\/\/cstrinity.org\/?p=3503"},"modified":"2025-03-28T08:13:34","modified_gmt":"2025-03-28T14:13:34","slug":"lent-day-26-2-corinthians-516-21","status":"publish","type":"post","link":"https:\/\/cstrinity.org\/esp\/lent-day-26-2-corinthians-516-21\/","title":{"rendered":"D\u00eda 26 de Cuaresma: 2 Corintios 5:16-21"},"content":{"rendered":"<div data-elementor-type=\"wp-post\" data-elementor-id=\"3503\" class=\"elementor elementor-3503\" data-elementor-post-type=\"post\">\n\t\t\t\t\t\t<section class=\"elementor-section elementor-top-section elementor-element elementor-element-e950d2e elementor-section-boxed elementor-section-height-default elementor-section-height-default\" data-id=\"e950d2e\" data-element_type=\"section\" data-e-type=\"section\">\n\t\t\t\t\t\t<div class=\"elementor-container elementor-column-gap-default\">\n\t\t\t\t\t<div class=\"elementor-column elementor-col-100 elementor-top-column elementor-element elementor-element-a402bc3\" data-id=\"a402bc3\" data-element_type=\"column\" data-e-type=\"column\">\n\t\t\t<div class=\"elementor-widget-wrap elementor-element-populated\">\n\t\t\t\t\t\t<div class=\"elementor-element elementor-element-3cd33cf elementor-widget elementor-widget-text-editor\" data-id=\"3cd33cf\" data-element_type=\"widget\" data-e-type=\"widget\" data-widget_type=\"text-editor.default\">\n\t\t\t\t<div class=\"elementor-widget-container\">\n\t\t\t\t\t\t\t\t\t<p>El punto de vista lo marca todo. La forma en que mires una situaci\u00f3n determinar\u00e1 c\u00f3mo proceder\u00e1s ante las circunstancias. Recuerdo que cuando Benjamin estaba en primaria, le encantaba columpiarse de una rama particular del arce de nuestro jard\u00edn delantero. Cuando digo columpiarse, me refiero a sus piernas, pasando lo que parec\u00edan horas boca abajo, balance\u00e1ndose de un lado a otro. Era todo un espect\u00e1culo. A menudo, mientras lo ve\u00eda columpiarse en su &quot;lugar feliz&quot;, me preguntaba c\u00f3mo era el mundo para \u00e9l. \u00bfC\u00f3mo afectaba el tiempo para columpiarse a su estado de \u00e1nimo, su perspectiva o su perspectiva del mundo que luchaba por habitar?<\/p><p>\u00a0<\/p><p>Pablo dice que ya no vemos a Cristo desde una perspectiva humana, lo que significa que el acontecimiento de Cristo ha transformado toda la historia. Ya no pensamos solo en el presente, sino que comprendemos una visi\u00f3n m\u00e1s amplia, posibilitada por la encarnaci\u00f3n. Esta nueva perspectiva tambi\u00e9n ha inaugurado una nueva forma de ser: \u00a1la Nueva Creaci\u00f3n! Esta nueva forma de ser nos da la capacidad de ver el mundo desde una nueva perspectiva. Vemos el mundo a trav\u00e9s de la perspectiva de Dios y asumimos la postura de la reconciliaci\u00f3n.<\/p><p>\u00a0<\/p><p>Esto significa que nos vemos no s\u00f3lo como humanos sino como agentes de la presencia de Dios actuando en el mundo.<\/p><p>\u00a0<\/p><p>\u201c<em>As\u00ed que, si alguno es Cristo, hay una nueva creaci\u00f3n; todo lo viejo ha pasado; \u00a1mira, todo es hecho nuevo! Todo esto proviene de Dios, quien nos reconcili\u00f3 consigo mismo por medio de Cristo y nos encomend\u00f3 el ministerio de la reconciliaci\u00f3n\u2026 As\u00ed que somos embajadores de Cristo, ya que Dios hace su llamado por medio de nosotros; les rogamos en nombre de Cristo: reconciliense con Dios.<\/em>&quot; (5:17-18, 20)<\/p><p>Estos vers\u00edculos nos revelan nuestra posici\u00f3n y postura en el mundo en el que continuamos habitando.<\/p><p>\u00a0<\/p><p>Tal vez, como Benjam\u00edn, necesites pasar tiempo esta Cuaresma &quot;conviviendo con Jes\u00fas&quot; y permitirle que transforme tu perspectiva. S\u00e9 que es f\u00e1cil cansarse, inquietarse y sentirse de mal humor al observar el mundo en el que vivimos. Sin embargo, ser parte de la nueva creaci\u00f3n significa que nuestra posici\u00f3n nos da la oportunidad de ver el mundo desde la perspectiva de Dios, con ojos y corazones reconciliadores. Ahora nuestra postura es la de embajadores que representan a este Dios que ha invitado a todos los que quieran reconciliarse. Basta con un poco de tiempo &quot;conviviendo con Jes\u00fas&quot; y todo cambia.<\/p><p>\u00a0<\/p><p><strong>Autor: <\/strong>Juan Prichard<\/p><p><strong>Otras lecturas de Cuaresma para hoy:<\/strong><\/p><ul><li>Josu\u00e9 5:9-12; 2<\/li><li>Lucas 15:1-3, 11b-32<\/li><\/ul>\t\t\t\t\t\t\t\t<\/div>\n\t\t\t\t<\/div>\n\t\t\t\t\t<\/div>\n\t\t<\/div>\n\t\t\t\t\t<\/div>\n\t\t<\/section>\n\t\t\t\t<\/div>","protected":false},"excerpt":{"rendered":"<p>Un devocional de Cuaresma de la Iglesia Trinity Church of the Nazarene en Colorado Springs, CO.<\/p>","protected":false},"author":1,"featured_media":3333,"comment_status":"open","ping_status":"open","sticky":false,"template":"","format":"standard","meta":{"site-sidebar-layout":"default","site-content-layout":"","ast-site-content-layout":"default","site-content-style":"default","site-sidebar-style":"default","ast-global-header-display":"","ast-banner-title-visibility":"","ast-main-header-display":"","ast-hfb-above-header-display":"","ast-hfb-below-header-display":"","ast-hfb-mobile-header-display":"","site-post-title":"","ast-breadcrumbs-content":"","ast-featured-img":"","footer-sml-layout":"","ast-disable-related-posts":"","theme-transparent-header-meta":"","adv-header-id-meta":"","stick-header-meta":"","header-above-stick-meta":"","header-main-stick-meta":"","header-below-stick-meta":"","astra-migrate-meta-layouts":"set","ast-page-background-enabled":"default","ast-page-background-meta":{"desktop":{"background-color":"var(--ast-global-color-4)","background-image":"","background-repeat":"repeat","background-position":"center center","background-size":"auto","background-attachment":"scroll","background-type":"","background-media":"","overlay-type":"","overlay-color":"","overlay-opacity":"","overlay-gradient":""},"tablet":{"background-color":"","background-image":"","background-repeat":"repeat","background-position":"center center","background-size":"auto","background-attachment":"scroll","background-type":"","background-media":"","overlay-type":"","overlay-color":"","overlay-opacity":"","overlay-gradient":""},"mobile":{"background-color":"","background-image":"","background-repeat":"repeat","background-position":"center center","background-size":"auto","background-attachment":"scroll","background-type":"","background-media":"","overlay-type":"","overlay-color":"","overlay-opacity":"","overlay-gradient":""}},"ast-content-background-meta":{"desktop":{"background-color":"var(--ast-global-color-5)","background-image":"","background-repeat":"repeat","background-position":"center center","background-size":"auto","background-attachment":"scroll","background-type":"","background-media":"","overlay-type":"","overlay-color":"","overlay-opacity":"","overlay-gradient":""},"tablet":{"background-color":"var(--ast-global-color-5)","background-image":"","background-repeat":"repeat","background-position":"center center","background-size":"auto","background-attachment":"scroll","background-type":"","background-media":"","overlay-type":"","overlay-color":"","overlay-opacity":"","overlay-gradient":""},"mobile":{"background-color":"var(--ast-global-color-5)","background-image":"","background-repeat":"repeat","background-position":"center center","background-size":"auto","background-attachment":"scroll","background-type":"","background-media":"","overlay-type":"","overlay-color":"","overlay-opacity":"","overlay-gradient":""}},"_jetpack_memberships_contains_paid_content":false,"footnotes":""},"categories":[23],"tags":[],"class_list":["post-3503","post","type-post","status-publish","format-standard","has-post-thumbnail","hentry","category-lent-devotionals"],"yoast_head":"<!-- This site is optimized with the Yoast SEO plugin v27.4 - https:\/\/yoast.com\/product\/yoast-seo-wordpress\/ -->\n<title>Lent Day 26: 2 Corinthians 5:16-21 - Trinity Church of the Nazarene<\/title>\n<meta name=\"description\" content=\"A Lent Devotional from Trinity Church of the Nazarene in Colorado Springs, CO.\" \/>\n<meta name=\"robots\" content=\"index, follow, max-snippet:-1, max-image-preview:large, max-video-preview:-1\" \/>\n<link rel=\"canonical\" href=\"https:\/\/cstrinity.org\/esp\/lent-day-26-2-corinthians-516-21\/\" \/>\n<meta property=\"og:locale\" content=\"es_ES\" \/>\n<meta property=\"og:type\" content=\"article\" \/>\n<meta property=\"og:title\" content=\"Lent Day 26: 2 Corinthians 5:16-21 - Trinity Church of the Nazarene\" \/>\n<meta property=\"og:description\" content=\"A Lent Devotional from Trinity Church of the Nazarene in Colorado Springs, CO.\" \/>\n<meta property=\"og:url\" content=\"https:\/\/cstrinity.org\/esp\/lent-day-26-2-corinthians-516-21\/\" \/>\n<meta property=\"og:site_name\" content=\"Trinity Church of the Nazarene\" \/>\n<meta property=\"article:published_time\" content=\"2025-03-30T11:00:00+00:00\" \/>\n<meta property=\"og:image\" content=\"https:\/\/cstrinity.org\/wp-content\/uploads\/2025\/03\/Lent-Feature-Image.png\" \/>\n\t<meta property=\"og:image:width\" content=\"500\" \/>\n\t<meta property=\"og:image:height\" content=\"500\" \/>\n\t<meta property=\"og:image:type\" content=\"image\/png\" \/>\n<meta name=\"author\" content=\"Admin\" \/>\n<meta name=\"twitter:card\" content=\"summary_large_image\" \/>\n<meta name=\"twitter:label1\" content=\"Escrito por\" \/>\n\t<meta name=\"twitter:data1\" content=\"Admin\" \/>\n\t<meta name=\"twitter:label2\" content=\"Tiempo de lectura\" \/>\n\t<meta name=\"twitter:data2\" content=\"3 minutos\" \/>\n<script type=\"application\/ld+json\" class=\"yoast-schema-graph\">{\"@context\":\"https:\\\/\\\/schema.org\",\"@graph\":[{\"@type\":\"Article\",\"@id\":\"https:\\\/\\\/cstrinity.org\\\/lent-day-26-2-corinthians-516-21\\\/#article\",\"isPartOf\":{\"@id\":\"https:\\\/\\\/cstrinity.org\\\/lent-day-26-2-corinthians-516-21\\\/\"},\"author\":{\"name\":\"Admin\",\"@id\":\"https:\\\/\\\/cstrinity.org\\\/#\\\/schema\\\/person\\\/94934180c86d36340e02d1de584a376a\"},\"headline\":\"Lent Day 26: 2 Corinthians 5:16-21\",\"datePublished\":\"2025-03-30T11:00:00+00:00\",\"mainEntityOfPage\":{\"@id\":\"https:\\\/\\\/cstrinity.org\\\/lent-day-26-2-corinthians-516-21\\\/\"},\"wordCount\":435,\"commentCount\":0,\"publisher\":{\"@id\":\"https:\\\/\\\/cstrinity.org\\\/#organization\"},\"image\":{\"@id\":\"https:\\\/\\\/cstrinity.org\\\/lent-day-26-2-corinthians-516-21\\\/#primaryimage\"},\"thumbnailUrl\":\"https:\\\/\\\/cstrinity.org\\\/wp-content\\\/uploads\\\/2025\\\/03\\\/Lent-Feature-Image.png\",\"articleSection\":[\"Lent 2025 Devotionals\"],\"inLanguage\":\"es\",\"potentialAction\":[{\"@type\":\"CommentAction\",\"name\":\"Comment\",\"target\":[\"https:\\\/\\\/cstrinity.org\\\/lent-day-26-2-corinthians-516-21\\\/#respond\"]}]},{\"@type\":\"WebPage\",\"@id\":\"https:\\\/\\\/cstrinity.org\\\/lent-day-26-2-corinthians-516-21\\\/\",\"url\":\"https:\\\/\\\/cstrinity.org\\\/lent-day-26-2-corinthians-516-21\\\/\",\"name\":\"Lent Day 26: 2 Corinthians 5:16-21 - Trinity Church of the Nazarene\",\"isPartOf\":{\"@id\":\"https:\\\/\\\/cstrinity.org\\\/#website\"},\"primaryImageOfPage\":{\"@id\":\"https:\\\/\\\/cstrinity.org\\\/lent-day-26-2-corinthians-516-21\\\/#primaryimage\"},\"image\":{\"@id\":\"https:\\\/\\\/cstrinity.org\\\/lent-day-26-2-corinthians-516-21\\\/#primaryimage\"},\"thumbnailUrl\":\"https:\\\/\\\/cstrinity.org\\\/wp-content\\\/uploads\\\/2025\\\/03\\\/Lent-Feature-Image.png\",\"datePublished\":\"2025-03-30T11:00:00+00:00\",\"description\":\"A Lent Devotional from Trinity Church of the Nazarene in Colorado Springs, CO.\",\"breadcrumb\":{\"@id\":\"https:\\\/\\\/cstrinity.org\\\/lent-day-26-2-corinthians-516-21\\\/#breadcrumb\"},\"inLanguage\":\"es\",\"potentialAction\":[{\"@type\":\"ReadAction\",\"target\":[\"https:\\\/\\\/cstrinity.org\\\/lent-day-26-2-corinthians-516-21\\\/\"]}]},{\"@type\":\"ImageObject\",\"inLanguage\":\"es\",\"@id\":\"https:\\\/\\\/cstrinity.org\\\/lent-day-26-2-corinthians-516-21\\\/#primaryimage\",\"url\":\"https:\\\/\\\/cstrinity.org\\\/wp-content\\\/uploads\\\/2025\\\/03\\\/Lent-Feature-Image.png\",\"contentUrl\":\"https:\\\/\\\/cstrinity.org\\\/wp-content\\\/uploads\\\/2025\\\/03\\\/Lent-Feature-Image.png\",\"width\":500,\"height\":500,\"caption\":\"Lent Devotionals CSTrinity Feature Image\"},{\"@type\":\"BreadcrumbList\",\"@id\":\"https:\\\/\\\/cstrinity.org\\\/lent-day-26-2-corinthians-516-21\\\/#breadcrumb\",\"itemListElement\":[{\"@type\":\"ListItem\",\"position\":1,\"name\":\"Home\",\"item\":\"https:\\\/\\\/cstrinity.org\\\/\"},{\"@type\":\"ListItem\",\"position\":2,\"name\":\"Lent Day 26: 2 Corinthians 5:16-21\"}]},{\"@type\":\"WebSite\",\"@id\":\"https:\\\/\\\/cstrinity.org\\\/#website\",\"url\":\"https:\\\/\\\/cstrinity.org\\\/\",\"name\":\"Trinity Church of the Nazarene\",\"description\":\"Growing Together in Jesus\",\"publisher\":{\"@id\":\"https:\\\/\\\/cstrinity.org\\\/#organization\"},\"potentialAction\":[{\"@type\":\"SearchAction\",\"target\":{\"@type\":\"EntryPoint\",\"urlTemplate\":\"https:\\\/\\\/cstrinity.org\\\/?s={search_term_string}\"},\"query-input\":{\"@type\":\"PropertyValueSpecification\",\"valueRequired\":true,\"valueName\":\"search_term_string\"}}],\"inLanguage\":\"es\"},{\"@type\":\"Organization\",\"@id\":\"https:\\\/\\\/cstrinity.org\\\/#organization\",\"name\":\"Trinity Church of the Nazarene\",\"url\":\"https:\\\/\\\/cstrinity.org\\\/\",\"logo\":{\"@type\":\"ImageObject\",\"inLanguage\":\"es\",\"@id\":\"https:\\\/\\\/cstrinity.org\\\/#\\\/schema\\\/logo\\\/image\\\/\",\"url\":\"https:\\\/\\\/cstrinity.org\\\/wp-content\\\/uploads\\\/2026\\\/04\\\/CircleIconEmpty-BlueGreen.png\",\"contentUrl\":\"https:\\\/\\\/cstrinity.org\\\/wp-content\\\/uploads\\\/2026\\\/04\\\/CircleIconEmpty-BlueGreen.png\",\"width\":500,\"height\":500,\"caption\":\"Trinity Church of the Nazarene\"},\"image\":{\"@id\":\"https:\\\/\\\/cstrinity.org\\\/#\\\/schema\\\/logo\\\/image\\\/\"}},{\"@type\":\"Person\",\"@id\":\"https:\\\/\\\/cstrinity.org\\\/#\\\/schema\\\/person\\\/94934180c86d36340e02d1de584a376a\",\"name\":\"Admin\",\"image\":{\"@type\":\"ImageObject\",\"inLanguage\":\"es\",\"@id\":\"https:\\\/\\\/secure.gravatar.com\\\/avatar\\\/4a5a0160e6354f2c9cfdf3acd951b77ea027ba2357f3cd4a58a9db9b281e5b86?s=96&d=mm&r=g\",\"url\":\"https:\\\/\\\/secure.gravatar.com\\\/avatar\\\/4a5a0160e6354f2c9cfdf3acd951b77ea027ba2357f3cd4a58a9db9b281e5b86?s=96&d=mm&r=g\",\"contentUrl\":\"https:\\\/\\\/secure.gravatar.com\\\/avatar\\\/4a5a0160e6354f2c9cfdf3acd951b77ea027ba2357f3cd4a58a9db9b281e5b86?s=96&d=mm&r=g\",\"caption\":\"Admin\"},\"sameAs\":[\"http:\\\/\\\/cstrinity.org\"],\"url\":\"https:\\\/\\\/cstrinity.org\\\/esp\\\/author\\\/deltadesignsolutionsllcgmail-com\\\/\"}]}<\/script>\n<!-- \/ Yoast SEO plugin. -->","yoast_head_json":{"title":"Lent Day 26: 2 Corinthians 5:16-21 - Trinity Church of the Nazarene","description":"Un devocional de Cuaresma de la Iglesia Trinity Church of the Nazarene en Colorado Springs, CO.","robots":{"index":"index","follow":"follow","max-snippet":"max-snippet:-1","max-image-preview":"max-image-preview:large","max-video-preview":"max-video-preview:-1"},"canonical":"https:\/\/cstrinity.org\/esp\/lent-day-26-2-corinthians-516-21\/","og_locale":"es_ES","og_type":"article","og_title":"Lent Day 26: 2 Corinthians 5:16-21 - Trinity Church of the Nazarene","og_description":"A Lent Devotional from Trinity Church of the Nazarene in Colorado Springs, CO.","og_url":"https:\/\/cstrinity.org\/esp\/lent-day-26-2-corinthians-516-21\/","og_site_name":"Trinity Church of the Nazarene","article_published_time":"2025-03-30T11:00:00+00:00","og_image":[{"width":500,"height":500,"url":"https:\/\/cstrinity.org\/wp-content\/uploads\/2025\/03\/Lent-Feature-Image.png","type":"image\/png"}],"author":"Admin","twitter_card":"summary_large_image","twitter_misc":{"Escrito por":"Admin","Tiempo de lectura":"3 minutos"},"schema":{"@context":"https:\/\/schema.org","@graph":[{"@type":"Article","@id":"https:\/\/cstrinity.org\/lent-day-26-2-corinthians-516-21\/#article","isPartOf":{"@id":"https:\/\/cstrinity.org\/lent-day-26-2-corinthians-516-21\/"},"author":{"name":"Admin","@id":"https:\/\/cstrinity.org\/#\/schema\/person\/94934180c86d36340e02d1de584a376a"},"headline":"Lent Day 26: 2 Corinthians 5:16-21","datePublished":"2025-03-30T11:00:00+00:00","mainEntityOfPage":{"@id":"https:\/\/cstrinity.org\/lent-day-26-2-corinthians-516-21\/"},"wordCount":435,"commentCount":0,"publisher":{"@id":"https:\/\/cstrinity.org\/#organization"},"image":{"@id":"https:\/\/cstrinity.org\/lent-day-26-2-corinthians-516-21\/#primaryimage"},"thumbnailUrl":"https:\/\/cstrinity.org\/wp-content\/uploads\/2025\/03\/Lent-Feature-Image.png","articleSection":["Lent 2025 Devotionals"],"inLanguage":"es","potentialAction":[{"@type":"CommentAction","name":"Comment","target":["https:\/\/cstrinity.org\/lent-day-26-2-corinthians-516-21\/#respond"]}]},{"@type":"WebPage","@id":"https:\/\/cstrinity.org\/lent-day-26-2-corinthians-516-21\/","url":"https:\/\/cstrinity.org\/lent-day-26-2-corinthians-516-21\/","name":"Lent Day 26: 2 Corinthians 5:16-21 - Trinity Church of the Nazarene","isPartOf":{"@id":"https:\/\/cstrinity.org\/#website"},"primaryImageOfPage":{"@id":"https:\/\/cstrinity.org\/lent-day-26-2-corinthians-516-21\/#primaryimage"},"image":{"@id":"https:\/\/cstrinity.org\/lent-day-26-2-corinthians-516-21\/#primaryimage"},"thumbnailUrl":"https:\/\/cstrinity.org\/wp-content\/uploads\/2025\/03\/Lent-Feature-Image.png","datePublished":"2025-03-30T11:00:00+00:00","description":"Un devocional de Cuaresma de la Iglesia Trinity Church of the Nazarene en Colorado Springs, CO.","breadcrumb":{"@id":"https:\/\/cstrinity.org\/lent-day-26-2-corinthians-516-21\/#breadcrumb"},"inLanguage":"es","potentialAction":[{"@type":"ReadAction","target":["https:\/\/cstrinity.org\/lent-day-26-2-corinthians-516-21\/"]}]},{"@type":"ImageObject","inLanguage":"es","@id":"https:\/\/cstrinity.org\/lent-day-26-2-corinthians-516-21\/#primaryimage","url":"https:\/\/cstrinity.org\/wp-content\/uploads\/2025\/03\/Lent-Feature-Image.png","contentUrl":"https:\/\/cstrinity.org\/wp-content\/uploads\/2025\/03\/Lent-Feature-Image.png","width":500,"height":500,"caption":"Lent Devotionals CSTrinity Feature Image"},{"@type":"BreadcrumbList","@id":"https:\/\/cstrinity.org\/lent-day-26-2-corinthians-516-21\/#breadcrumb","itemListElement":[{"@type":"ListItem","position":1,"name":"Home","item":"https:\/\/cstrinity.org\/"},{"@type":"ListItem","position":2,"name":"Lent Day 26: 2 Corinthians 5:16-21"}]},{"@type":"WebSite","@id":"https:\/\/cstrinity.org\/#website","url":"https:\/\/cstrinity.org\/","name":"Iglesia de la Trinidad del Nazareno","description":"Creciendo Juntos en Jes\u00fas","publisher":{"@id":"https:\/\/cstrinity.org\/#organization"},"potentialAction":[{"@type":"SearchAction","target":{"@type":"EntryPoint","urlTemplate":"https:\/\/cstrinity.org\/?s={search_term_string}"},"query-input":{"@type":"PropertyValueSpecification","valueRequired":true,"valueName":"search_term_string"}}],"inLanguage":"es"},{"@type":"Organization","@id":"https:\/\/cstrinity.org\/#organization","name":"Iglesia de la Trinidad del Nazareno","url":"https:\/\/cstrinity.org\/","logo":{"@type":"ImageObject","inLanguage":"es","@id":"https:\/\/cstrinity.org\/#\/schema\/logo\/image\/","url":"https:\/\/cstrinity.org\/wp-content\/uploads\/2026\/04\/CircleIconEmpty-BlueGreen.png","contentUrl":"https:\/\/cstrinity.org\/wp-content\/uploads\/2026\/04\/CircleIconEmpty-BlueGreen.png","width":500,"height":500,"caption":"Trinity Church of the Nazarene"},"image":{"@id":"https:\/\/cstrinity.org\/#\/schema\/logo\/image\/"}},{"@type":"Person","@id":"https:\/\/cstrinity.org\/#\/schema\/person\/94934180c86d36340e02d1de584a376a","name":"Administraci\u00f3n","image":{"@type":"ImageObject","inLanguage":"es","@id":"https:\/\/secure.gravatar.com\/avatar\/4a5a0160e6354f2c9cfdf3acd951b77ea027ba2357f3cd4a58a9db9b281e5b86?s=96&d=mm&r=g","url":"https:\/\/secure.gravatar.com\/avatar\/4a5a0160e6354f2c9cfdf3acd951b77ea027ba2357f3cd4a58a9db9b281e5b86?s=96&d=mm&r=g","contentUrl":"https:\/\/secure.gravatar.com\/avatar\/4a5a0160e6354f2c9cfdf3acd951b77ea027ba2357f3cd4a58a9db9b281e5b86?s=96&d=mm&r=g","caption":"Admin"},"sameAs":["http:\/\/cstrinity.org"],"url":"https:\/\/cstrinity.org\/esp\/author\/deltadesignsolutionsllcgmail-com\/"}]}},"jetpack_featured_media_url":"https:\/\/cstrinity.org\/wp-content\/uploads\/2025\/03\/Lent-Feature-Image.png","jetpack_sharing_enabled":true,"_links":{"self":[{"href":"https:\/\/cstrinity.org\/esp\/wp-json\/wp\/v2\/posts\/3503","targetHints":{"allow":["GET"]}}],"collection":[{"href":"https:\/\/cstrinity.org\/esp\/wp-json\/wp\/v2\/posts"}],"about":[{"href":"https:\/\/cstrinity.org\/esp\/wp-json\/wp\/v2\/types\/post"}],"author":[{"embeddable":true,"href":"https:\/\/cstrinity.org\/esp\/wp-json\/wp\/v2\/users\/1"}],"replies":[{"embeddable":true,"href":"https:\/\/cstrinity.org\/esp\/wp-json\/wp\/v2\/comments?post=3503"}],"version-history":[{"count":0,"href":"https:\/\/cstrinity.org\/esp\/wp-json\/wp\/v2\/posts\/3503\/revisions"}],"wp:featuredmedia":[{"embeddable":true,"href":"https:\/\/cstrinity.org\/esp\/wp-json\/wp\/v2\/media\/3333"}],"wp:attachment":[{"href":"https:\/\/cstrinity.org\/esp\/wp-json\/wp\/v2\/media?parent=3503"}],"wp:term":[{"taxonomy":"category","embeddable":true,"href":"https:\/\/cstrinity.org\/esp\/wp-json\/wp\/v2\/categories?post=3503"},{"taxonomy":"post_tag","embeddable":true,"href":"https:\/\/cstrinity.org\/esp\/wp-json\/wp\/v2\/tags?post=3503"}],"curies":[{"name":"gracias","href":"https:\/\/api.w.org\/{rel}","templated":true}]}}