{"id":4264,"date":"2026-02-22T07:00:00","date_gmt":"2026-02-22T14:00:00","guid":{"rendered":"https:\/\/cstrinity.org\/?p=4264"},"modified":"2026-02-21T21:32:00","modified_gmt":"2026-02-22T04:32:00","slug":"lent-day-5-psalm-63","status":"publish","type":"post","link":"https:\/\/cstrinity.org\/esp\/lent-day-5-psalm-63\/","title":{"rendered":"D\u00eda 5 de Cuaresma: Salmo 63"},"content":{"rendered":"<div data-elementor-type=\"wp-post\" data-elementor-id=\"4264\" class=\"elementor elementor-4264\" data-elementor-post-type=\"post\">\n\t\t\t\t\t\t<section class=\"elementor-section elementor-top-section elementor-element elementor-element-e950d2e elementor-section-boxed elementor-section-height-default elementor-section-height-default\" data-id=\"e950d2e\" data-element_type=\"section\" data-e-type=\"section\">\n\t\t\t\t\t\t<div class=\"elementor-container elementor-column-gap-default\">\n\t\t\t\t\t<div class=\"elementor-column elementor-col-100 elementor-top-column elementor-element elementor-element-a402bc3\" data-id=\"a402bc3\" data-element_type=\"column\" data-e-type=\"column\">\n\t\t\t<div class=\"elementor-widget-wrap elementor-element-populated\">\n\t\t\t\t\t\t<div class=\"elementor-element elementor-element-3cd33cf elementor-widget elementor-widget-text-editor\" data-id=\"3cd33cf\" data-element_type=\"widget\" data-e-type=\"widget\" data-widget_type=\"text-editor.default\">\n\t\t\t\t<div class=\"elementor-widget-container\">\n\t\t\t\t\t\t\t\t\t<p><strong><u>Oraci\u00f3n inicial: Salmo 63<\/u><\/strong><\/p><p><strong><em><sup>1\u00a0<\/sup><\/em><\/strong><em>T\u00fa, Dios, eres mi Dios,<br \/>\u00a0\u00a0\u00a0\u00a0Te busco con ansias;<br \/>Tengo sed de ti,<br \/>\u00a0\u00a0\u00a0\u00a0Todo mi ser te anhela,<br \/>en una tierra seca y \u00e1rida<br \/>\u00a0\u00a0\u00a0\u00a0donde no hay agua.<\/em><\/p><p><strong><em><sup>2\u00a0<\/sup><\/em><\/strong><em>Te he visto en el santuario.<br \/>\u00a0\u00a0\u00a0\u00a0y contempl\u00e9 tu poder y tu gloria.<br \/><strong><sup>3\u00a0<\/sup><\/strong>Porque tu amor es mejor que la vida,<br \/>\u00a0\u00a0\u00a0\u00a0Mis labios te glorificar\u00e1n.<br \/><strong><sup>4\u00a0<\/sup><\/strong>Te alabar\u00e9 mientras viva,<br \/>\u00a0\u00a0\u00a0\u00a0y en tu nombre alzar\u00e9 mis manos.<br \/><strong><sup>5\u00a0<\/sup><\/strong>Estar\u00e9 plenamente satisfecho como con el m\u00e1s rico de los alimentos;<br \/>\u00a0\u00a0\u00a0\u00a0Con labios que cantan te alabar\u00e1 mi boca.<\/em><\/p><p><strong><em><sup>6\u00a0<\/sup><\/em><\/strong><em>En mi cama me acuerdo de ti;<br \/>\u00a0\u00a0\u00a0\u00a0Pienso en ti durante las vigilias de la noche.<br \/><strong><sup>7\u00a0<\/sup><\/strong>Porque t\u00fa eres mi ayuda,<br \/>\u00a0\u00a0\u00a0\u00a0Canto a la sombra de tus alas.<br \/><strong><sup>8\u00a0<\/sup><\/strong>Me aferro a ti;<br \/>\u00a0\u00a0\u00a0\u00a0Tu mano derecha me sostiene.<\/em><\/p><p><strong><em><sup>9\u00a0<\/sup><\/em><\/strong><em>Aquellos que quieran matarme ser\u00e1n destruidos;<br \/>\u00a0\u00a0\u00a0\u00a0Descender\u00e1n a las profundidades de la tierra.<br \/><strong><sup>10\u00a0<\/sup><\/strong>Ser\u00e1n entregados a la espada.<br \/>\u00a0\u00a0\u00a0\u00a0y convertirse en alimento para los chacales.<\/em><\/p><p><strong><em><sup>11\u00a0<\/sup><\/em><\/strong><em>Pero el rey se alegrar\u00e1 en Dios;<br \/>\u00a0\u00a0\u00a0\u00a0Todos los que juran por Dios se gloriar\u00e1n en \u00e9l,<br \/>\u00a0\u00a0\u00a0\u00a0Mientras que las bocas de los mentirosos ser\u00e1n silenciadas.<\/em><\/p><p><strong><u>Una mirada m\u00e1s de cerca: Salmo 63<\/u><\/strong><\/p><p>El desierto de Judea es una zona salvaje al este de Israel. Las colinas y ca\u00f1ones de este agreste paisaje se extienden desde las monta\u00f1as de Judea al oeste hasta el mar Muerto al este. Presenta un pronunciado desnivel de 1377 metros a lo largo de un tramo de 16 a 24 kil\u00f3metros. Finaliza en los acantilados de 450 metros al oeste del mar Muerto, el punto natural m\u00e1s bajo de la Tierra.<\/p><p>\u00a0<\/p><p>Se cree com\u00fanmente que David compuso esta canci\u00f3n mientras se escond\u00eda en el desierto durante la rebeli\u00f3n de Absal\u00f3n (2 Samuel 15-18). En su soledad y aislamiento, David aprovecha el entorno adverso para profundizar sus reflexiones sobre Dios.<\/p><p>\u00a0<\/p><p>El anhelo de David por Dios tambi\u00e9n puede ser nuestro anhelo. Solo Dios puede satisfacer plenamente nuestra necesidad de su presencia, su prop\u00f3sito y su protecci\u00f3n. Podemos acercarnos a Dios en cualquier momento con estos mismos sentimientos:<\/p><ul><li>Te busco, tengo sed de ti, te anhelo.<\/li><li>Te glorifico, te alabo, levanto mis manos, canto tu alabanza.<\/li><li>Te recuerdo, pienso en ti toda la noche.<\/li><li>Me aferro a ti<\/li><\/ul><p>Y cuando lo busquemos sinceramente, \u00e9l:<\/p><ul><li>Muestra su poder y gloria<\/li><li>Danos un amor que sea mejor que la vida misma.<\/li><li>Ay\u00fadanos, sostennos, prot\u00e9genos.<\/li><li>Destruir a nuestros enemigos<\/li><li>Silencio mentirosos<\/li><\/ul><p>Examinemos nuestras vidas para encontrar maneras de vivir seg\u00fan este Salmo. Que hablemos con sinceridad a nuestras almas como lo hace David en la Oraci\u00f3n Final de hoy. Que Dios nos colme de su amor y compasi\u00f3n en esta Cuaresma.<\/p><p>\u00a0<\/p><p>\u00a0<\/p><p><strong><u>La voz de Dios en otras lecturas:<\/u><\/strong><\/p><ul><li>Antiguo Testamento (pacto): Daniel 9:3-10<\/li><li>Salmo (c\u00e1ntico): 98<\/li><li>Ep\u00edstola (carta): Hebreos 2:10-18<\/li><li>Evangelio (buena noticia): Juan 12:44-50<\/li><\/ul><p>\u00a0<\/p><p><strong><u>En busca de la santidad<\/u><\/strong><\/p><ul><li><strong>Oraci\u00f3n:<\/strong> \u00bfQu\u00e9 me dice Dios hoy? \u00bfC\u00f3mo responder\u00e9?<\/li><li><strong>Ayuno:<\/strong> \u00bfQu\u00e9 puedo negarme hoy (comida, bebida, conductas) como acto de adoraci\u00f3n?<\/li><li><strong>Caridad:<\/strong> \u00bfC\u00f3mo puedo ayudar hoy a alguien necesitado con mi tiempo, dinero o bienes?<\/li><\/ul><p>\u00a0<\/p><p><strong><u>Oraci\u00f3n final: Salmo 103<\/u><\/strong><\/p><p><strong><em><sup>1\u00a0<\/sup><\/em><\/strong><em>Alaba, alma m\u00eda, al Se\u00f1or;<br \/>\u00a0\u00a0\u00a0\u00a0Todo mi ser interior alaba su santo nombre.<br \/><strong><sup>2\u00a0<\/sup><\/strong>Alaba, alma m\u00eda, al Se\u00f1or,<br \/>\u00a0\u00a0\u00a0\u00a0y no olvides ninguno de sus beneficios\u2014<br \/><strong><sup>3\u00a0<\/sup><\/strong>quien perdona todos tus pecados<br \/>\u00a0\u00a0\u00a0\u00a0y sana todas tus enfermedades,<br \/><strong><sup>4\u00a0<\/sup><\/strong>\u00bfQui\u00e9n rescata tu vida del hoyo?<br \/>\u00a0\u00a0\u00a0\u00a0y te corona de amor y compasi\u00f3n,<br \/><strong><sup>5\u00a0<\/sup><\/strong>\u00bfQui\u00e9n satisface tus deseos con cosas buenas?<br \/>\u00a0\u00a0\u00a0\u00a0para que tu juventud se renueve como la del \u00e1guila.<\/em><\/p><p><strong><em><sup>6\u00a0<\/sup><\/em><\/strong><em>El Se\u00f1or obra justicia<br \/>\u00a0\u00a0\u00a0\u00a0y justicia para todos los oprimidos.<\/em><\/p><p><strong><em><sup>7\u00a0<\/sup><\/em><\/strong><em>\u00c9l dio a conocer sus caminos a Mois\u00e9s,<br \/>\u00a0\u00a0\u00a0\u00a0sus obras para con el pueblo de Israel:<br \/><strong><sup>8\u00a0<\/sup><\/strong>El Se\u00f1or es compasivo y clemente,<br \/>\u00a0\u00a0\u00a0\u00a0lento para la ira, grande en amor.<br \/><strong><sup>9\u00a0<\/sup><\/strong>No siempre acusar\u00e1,<br \/>\u00a0\u00a0\u00a0\u00a0ni guardar\u00e1 para siempre su enojo;<br \/><strong><sup>10\u00a0<\/sup><\/strong>\u00c9l no nos trata como merecen nuestros pecados<br \/>\u00a0\u00a0\u00a0\u00a0o nos pagues conforme a nuestras iniquidades.<br \/><strong><sup>11\u00a0<\/sup><\/strong>Porque tan altos como los cielos est\u00e1n sobre la tierra,<br \/>\u00a0\u00a0\u00a0\u00a0Tan grande es su amor por los que le temen;<br \/><strong><sup>12\u00a0<\/sup><\/strong>Tan lejos est\u00e1 el este del oeste,<br \/>\u00a0\u00a0\u00a0\u00a0Hasta lejos ha alejado de nosotros nuestras transgresiones.<\/em><\/p><p><strong><em><sup>13\u00a0<\/sup><\/em><\/strong><em>Como un padre tiene compasi\u00f3n de sus hijos,<br \/>\u00a0\u00a0\u00a0\u00a0As\u00ed que el Se\u00f1or tiene compasi\u00f3n de los que le temen;<br \/><strong><sup>14\u00a0<\/sup><\/strong>porque \u00e9l sabe c\u00f3mo estamos formados,<br \/>\u00a0\u00a0\u00a0\u00a0\u00c9l recuerda que somos polvo.<br \/><strong><sup>15\u00a0<\/sup><\/strong>La vida de los mortales es como la hierba,<br \/>\u00a0\u00a0\u00a0\u00a0florecen como una flor del campo;<br \/><strong><sup>16\u00a0<\/sup><\/strong>El viento sopla sobre \u00e9l y desaparece,<br \/>\u00a0\u00a0\u00a0\u00a0y su lugar no lo recuerda m\u00e1s.<br \/><strong><sup>17\u00a0<\/sup><\/strong>Pero desde la eternidad hasta la eternidad<br \/>\u00a0\u00a0\u00a0\u00a0El amor del Se\u00f1or est\u00e1 con los que le temen,<br \/>\u00a0\u00a0\u00a0\u00a0y su justicia con los hijos de sus hijos\u2014<br \/><strong><sup>18\u00a0<\/sup><\/strong>con los que guardan su pacto<br \/>\u00a0\u00a0\u00a0\u00a0y recuerda obedecer sus preceptos.<\/em><\/p><p><strong><em><sup>19\u00a0<\/sup><\/em><\/strong><em>El Se\u00f1or ha establecido su trono en el cielo,<br \/>\u00a0\u00a0\u00a0\u00a0y su reino gobierna sobre todo.<\/em><\/p><p><strong><em><sup>20\u00a0<\/sup><\/em><\/strong><em>Alabad al Se\u00f1or, vosotros sus \u00e1ngeles,<br \/>\u00a0\u00a0\u00a0\u00a0vosotros, los poderosos que ejecut\u00e1is sus \u00f3rdenes,<br \/>\u00a0\u00a0\u00a0\u00a0quienes obedecen su palabra.<br \/><strong><sup>21\u00a0<\/sup><\/strong>Alabad al Se\u00f1or, todos sus ej\u00e9rcitos celestiales,<br \/>\u00a0\u00a0\u00a0\u00a0vosotros sus siervos que hac\u00e9is su voluntad.<br \/><strong><sup>22\u00a0<\/sup><\/strong>Alabad al Se\u00f1or, vosotras todas sus obras.<br \/>\u00a0\u00a0\u00a0\u00a0en todas partes en su dominio.<\/em><\/p><p><em>Alaba, alma m\u00eda, al Se\u00f1or.<\/em><\/p><p>\u00a0<\/p><p>\u00a0<\/p><p><strong><u>C\u00f3mo utilizar este devocional<\/u><\/strong><\/p><ol><li>Lea la \u201cOraci\u00f3n de apertura\u201d de las Escrituras al Se\u00f1or como su oraci\u00f3n.<\/li><li>Elija uno o m\u00e1s pasajes de las Escrituras en \u201cLa Voz de Dios\u201d para leer m\u00e1s.<\/li><li>Responda las preguntas bajo \u201cBuscando la Santidad\u201d<ol><li>Tu reflexi\u00f3n sobre las Escrituras y c\u00f3mo sientes que el Esp\u00edritu Santo te gu\u00eda hoy<\/li><li>Identifica c\u00f3mo practicar\u00e1s la abnegaci\u00f3n hoy bas\u00e1ndote en la gu\u00eda de Dios.<\/li><li>Identifica c\u00f3mo quieres practicar la donaci\u00f3n hoy<\/li><li>La oraci\u00f3n, el ayuno (abnegaci\u00f3n) y la ofrenda sean vuestro culto vivo y espiritual.<\/li><\/ol><\/li><li>Mantenga notas en un diario o planificador para facilitar su seguimiento y crear un registro.<\/li><li>Lea la \u201cOraci\u00f3n de clausura\u201d<\/li><li>Desde el siglo III, los cristianos han utilizado la Escritura, la oraci\u00f3n, la abnegaci\u00f3n y la limosna como preparaci\u00f3n espiritual para la Pascua.<\/li><\/ol><p><strong><em><u>\u00bfQu\u00e9 es la Cuaresma?<\/u><\/em><\/strong><\/p><p><em>La Cuaresma es el tiempo del calendario cristiano que precede a la Pascua. La Cuaresma dura 40 d\u00edas porque Jes\u00fas fue tentado en el desierto durante 40 d\u00edas antes de su ministerio p\u00fablico. Los israelitas, debido a su desobediencia y rebeli\u00f3n, tuvieron que vagar 40 a\u00f1os por el desierto antes de llegar a la tierra prometida. Mois\u00e9s pas\u00f3 40 d\u00edas en el Monte Sina\u00ed, en contacto con Dios, recibiendo los Diez Mandamientos. En la Biblia, el n\u00famero 40 se usa a menudo para indicar un per\u00edodo de preparaci\u00f3n y prueba.<\/em><\/p><p><em>\u00a0<\/em><\/p><p><em>En el desierto, nada se esconde. Somos expuestos a Dios. No tenemos nuestras comodidades. Estamos separados de las distracciones comunes. Finalmente, regresaremos a nuestras vidas cuando el tiempo de preparaci\u00f3n haya terminado. Centramos nuestra pasi\u00f3n en Dios mientras \u00e9l nos refina para cumplir su llamado.<\/em><\/p>\t\t\t\t\t\t\t\t<\/div>\n\t\t\t\t<\/div>\n\t\t\t\t\t<\/div>\n\t\t<\/div>\n\t\t\t\t\t<\/div>\n\t\t<\/section>\n\t\t\t\t<\/div>","protected":false},"excerpt":{"rendered":"<p>Un devocional de Cuaresma de la Iglesia Trinity Church of the Nazarene en Colorado Springs, CO.<\/p>","protected":false},"author":1,"featured_media":3333,"comment_status":"open","ping_status":"open","sticky":false,"template":"","format":"standard","meta":{"site-sidebar-layout":"default","site-content-layout":"","ast-site-content-layout":"default","site-content-style":"default","site-sidebar-style":"default","ast-global-header-display":"","ast-banner-title-visibility":"","ast-main-header-display":"","ast-hfb-above-header-display":"","ast-hfb-below-header-display":"","ast-hfb-mobile-header-display":"","site-post-title":"","ast-breadcrumbs-content":"","ast-featured-img":"","footer-sml-layout":"","ast-disable-related-posts":"","theme-transparent-header-meta":"","adv-header-id-meta":"","stick-header-meta":"","header-above-stick-meta":"","header-main-stick-meta":"","header-below-stick-meta":"","astra-migrate-meta-layouts":"set","ast-page-background-enabled":"default","ast-page-background-meta":{"desktop":{"background-color":"var(--ast-global-color-4)","background-image":"","background-repeat":"repeat","background-position":"center center","background-size":"auto","background-attachment":"scroll","background-type":"","background-media":"","overlay-type":"","overlay-color":"","overlay-opacity":"","overlay-gradient":""},"tablet":{"background-color":"","background-image":"","background-repeat":"repeat","background-position":"center center","background-size":"auto","background-attachment":"scroll","background-type":"","background-media":"","overlay-type":"","overlay-color":"","overlay-opacity":"","overlay-gradient":""},"mobile":{"background-color":"","background-image":"","background-repeat":"repeat","background-position":"center center","background-size":"auto","background-attachment":"scroll","background-type":"","background-media":"","overlay-type":"","overlay-color":"","overlay-opacity":"","overlay-gradient":""}},"ast-content-background-meta":{"desktop":{"background-color":"var(--ast-global-color-5)","background-image":"","background-repeat":"repeat","background-position":"center center","background-size":"auto","background-attachment":"scroll","background-type":"","background-media":"","overlay-type":"","overlay-color":"","overlay-opacity":"","overlay-gradient":""},"tablet":{"background-color":"var(--ast-global-color-5)","background-image":"","background-repeat":"repeat","background-position":"center center","background-size":"auto","background-attachment":"scroll","background-type":"","background-media":"","overlay-type":"","overlay-color":"","overlay-opacity":"","overlay-gradient":""},"mobile":{"background-color":"var(--ast-global-color-5)","background-image":"","background-repeat":"repeat","background-position":"center center","background-size":"auto","background-attachment":"scroll","background-type":"","background-media":"","overlay-type":"","overlay-color":"","overlay-opacity":"","overlay-gradient":""}},"_jetpack_memberships_contains_paid_content":false,"footnotes":""},"categories":[25],"tags":[],"class_list":["post-4264","post","type-post","status-publish","format-standard","has-post-thumbnail","hentry","category-lent-2026-devotionals"],"yoast_head":"<!-- This site is optimized with the Yoast SEO plugin v27.4 - https:\/\/yoast.com\/product\/yoast-seo-wordpress\/ -->\n<title>Lent Day 5: Psalm 63 - Trinity Church of the Nazarene<\/title>\n<meta name=\"description\" content=\"A Lent Devotional from Trinity Church of the Nazarene in Colorado Springs, CO.\" \/>\n<meta name=\"robots\" content=\"index, follow, max-snippet:-1, max-image-preview:large, max-video-preview:-1\" \/>\n<link rel=\"canonical\" href=\"https:\/\/cstrinity.org\/esp\/lent-day-5-psalm-63\/\" \/>\n<meta property=\"og:locale\" content=\"es_ES\" \/>\n<meta property=\"og:type\" content=\"article\" \/>\n<meta property=\"og:title\" content=\"Lent Day 5: Psalm 63 - Trinity Church of the Nazarene\" \/>\n<meta property=\"og:description\" content=\"A Lent Devotional from Trinity Church of the Nazarene in Colorado Springs, CO.\" \/>\n<meta property=\"og:url\" content=\"https:\/\/cstrinity.org\/esp\/lent-day-5-psalm-63\/\" \/>\n<meta property=\"og:site_name\" content=\"Trinity Church of the Nazarene\" \/>\n<meta property=\"article:published_time\" content=\"2026-02-22T14:00:00+00:00\" \/>\n<meta property=\"og:image\" content=\"https:\/\/cstrinity.org\/wp-content\/uploads\/2025\/03\/Lent-Feature-Image.png\" \/>\n\t<meta property=\"og:image:width\" content=\"500\" \/>\n\t<meta property=\"og:image:height\" content=\"500\" \/>\n\t<meta property=\"og:image:type\" content=\"image\/png\" \/>\n<meta name=\"author\" content=\"Admin\" \/>\n<meta name=\"twitter:card\" content=\"summary_large_image\" \/>\n<meta name=\"twitter:label1\" content=\"Escrito por\" \/>\n\t<meta name=\"twitter:data1\" content=\"Admin\" \/>\n\t<meta name=\"twitter:label2\" content=\"Tiempo de lectura\" \/>\n\t<meta name=\"twitter:data2\" content=\"6 minutos\" \/>\n<script type=\"application\/ld+json\" class=\"yoast-schema-graph\">{\"@context\":\"https:\\\/\\\/schema.org\",\"@graph\":[{\"@type\":\"Article\",\"@id\":\"https:\\\/\\\/cstrinity.org\\\/lent-day-5-psalm-63\\\/#article\",\"isPartOf\":{\"@id\":\"https:\\\/\\\/cstrinity.org\\\/lent-day-5-psalm-63\\\/\"},\"author\":{\"name\":\"Admin\",\"@id\":\"https:\\\/\\\/cstrinity.org\\\/#\\\/schema\\\/person\\\/94934180c86d36340e02d1de584a376a\"},\"headline\":\"Lent Day 5: Psalm 63\",\"datePublished\":\"2026-02-22T14:00:00+00:00\",\"mainEntityOfPage\":{\"@id\":\"https:\\\/\\\/cstrinity.org\\\/lent-day-5-psalm-63\\\/\"},\"wordCount\":1108,\"commentCount\":0,\"publisher\":{\"@id\":\"https:\\\/\\\/cstrinity.org\\\/#organization\"},\"image\":{\"@id\":\"https:\\\/\\\/cstrinity.org\\\/lent-day-5-psalm-63\\\/#primaryimage\"},\"thumbnailUrl\":\"https:\\\/\\\/cstrinity.org\\\/wp-content\\\/uploads\\\/2025\\\/03\\\/Lent-Feature-Image.png\",\"articleSection\":[\"Lent 2026 Devotionals\"],\"inLanguage\":\"es\",\"potentialAction\":[{\"@type\":\"CommentAction\",\"name\":\"Comment\",\"target\":[\"https:\\\/\\\/cstrinity.org\\\/lent-day-5-psalm-63\\\/#respond\"]}]},{\"@type\":\"WebPage\",\"@id\":\"https:\\\/\\\/cstrinity.org\\\/lent-day-5-psalm-63\\\/\",\"url\":\"https:\\\/\\\/cstrinity.org\\\/lent-day-5-psalm-63\\\/\",\"name\":\"Lent Day 5: Psalm 63 - Trinity Church of the Nazarene\",\"isPartOf\":{\"@id\":\"https:\\\/\\\/cstrinity.org\\\/#website\"},\"primaryImageOfPage\":{\"@id\":\"https:\\\/\\\/cstrinity.org\\\/lent-day-5-psalm-63\\\/#primaryimage\"},\"image\":{\"@id\":\"https:\\\/\\\/cstrinity.org\\\/lent-day-5-psalm-63\\\/#primaryimage\"},\"thumbnailUrl\":\"https:\\\/\\\/cstrinity.org\\\/wp-content\\\/uploads\\\/2025\\\/03\\\/Lent-Feature-Image.png\",\"datePublished\":\"2026-02-22T14:00:00+00:00\",\"description\":\"A Lent Devotional from Trinity Church of the Nazarene in Colorado Springs, CO.\",\"breadcrumb\":{\"@id\":\"https:\\\/\\\/cstrinity.org\\\/lent-day-5-psalm-63\\\/#breadcrumb\"},\"inLanguage\":\"es\",\"potentialAction\":[{\"@type\":\"ReadAction\",\"target\":[\"https:\\\/\\\/cstrinity.org\\\/lent-day-5-psalm-63\\\/\"]}]},{\"@type\":\"ImageObject\",\"inLanguage\":\"es\",\"@id\":\"https:\\\/\\\/cstrinity.org\\\/lent-day-5-psalm-63\\\/#primaryimage\",\"url\":\"https:\\\/\\\/cstrinity.org\\\/wp-content\\\/uploads\\\/2025\\\/03\\\/Lent-Feature-Image.png\",\"contentUrl\":\"https:\\\/\\\/cstrinity.org\\\/wp-content\\\/uploads\\\/2025\\\/03\\\/Lent-Feature-Image.png\",\"width\":500,\"height\":500,\"caption\":\"Lent Devotionals CSTrinity Feature Image\"},{\"@type\":\"BreadcrumbList\",\"@id\":\"https:\\\/\\\/cstrinity.org\\\/lent-day-5-psalm-63\\\/#breadcrumb\",\"itemListElement\":[{\"@type\":\"ListItem\",\"position\":1,\"name\":\"Home\",\"item\":\"https:\\\/\\\/cstrinity.org\\\/\"},{\"@type\":\"ListItem\",\"position\":2,\"name\":\"Lent Day 5: Psalm 63\"}]},{\"@type\":\"WebSite\",\"@id\":\"https:\\\/\\\/cstrinity.org\\\/#website\",\"url\":\"https:\\\/\\\/cstrinity.org\\\/\",\"name\":\"Trinity Church of the Nazarene\",\"description\":\"Growing Together in Jesus\",\"publisher\":{\"@id\":\"https:\\\/\\\/cstrinity.org\\\/#organization\"},\"potentialAction\":[{\"@type\":\"SearchAction\",\"target\":{\"@type\":\"EntryPoint\",\"urlTemplate\":\"https:\\\/\\\/cstrinity.org\\\/?s={search_term_string}\"},\"query-input\":{\"@type\":\"PropertyValueSpecification\",\"valueRequired\":true,\"valueName\":\"search_term_string\"}}],\"inLanguage\":\"es\"},{\"@type\":\"Organization\",\"@id\":\"https:\\\/\\\/cstrinity.org\\\/#organization\",\"name\":\"Trinity Church of the Nazarene\",\"url\":\"https:\\\/\\\/cstrinity.org\\\/\",\"logo\":{\"@type\":\"ImageObject\",\"inLanguage\":\"es\",\"@id\":\"https:\\\/\\\/cstrinity.org\\\/#\\\/schema\\\/logo\\\/image\\\/\",\"url\":\"https:\\\/\\\/cstrinity.org\\\/wp-content\\\/uploads\\\/2026\\\/04\\\/CircleIconEmpty-BlueGreen.png\",\"contentUrl\":\"https:\\\/\\\/cstrinity.org\\\/wp-content\\\/uploads\\\/2026\\\/04\\\/CircleIconEmpty-BlueGreen.png\",\"width\":500,\"height\":500,\"caption\":\"Trinity Church of the Nazarene\"},\"image\":{\"@id\":\"https:\\\/\\\/cstrinity.org\\\/#\\\/schema\\\/logo\\\/image\\\/\"}},{\"@type\":\"Person\",\"@id\":\"https:\\\/\\\/cstrinity.org\\\/#\\\/schema\\\/person\\\/94934180c86d36340e02d1de584a376a\",\"name\":\"Admin\",\"image\":{\"@type\":\"ImageObject\",\"inLanguage\":\"es\",\"@id\":\"https:\\\/\\\/secure.gravatar.com\\\/avatar\\\/4a5a0160e6354f2c9cfdf3acd951b77ea027ba2357f3cd4a58a9db9b281e5b86?s=96&d=mm&r=g\",\"url\":\"https:\\\/\\\/secure.gravatar.com\\\/avatar\\\/4a5a0160e6354f2c9cfdf3acd951b77ea027ba2357f3cd4a58a9db9b281e5b86?s=96&d=mm&r=g\",\"contentUrl\":\"https:\\\/\\\/secure.gravatar.com\\\/avatar\\\/4a5a0160e6354f2c9cfdf3acd951b77ea027ba2357f3cd4a58a9db9b281e5b86?s=96&d=mm&r=g\",\"caption\":\"Admin\"},\"sameAs\":[\"http:\\\/\\\/cstrinity.org\"],\"url\":\"https:\\\/\\\/cstrinity.org\\\/esp\\\/author\\\/deltadesignsolutionsllcgmail-com\\\/\"}]}<\/script>\n<!-- \/ Yoast SEO plugin. -->","yoast_head_json":{"title":"Lent Day 5: Psalm 63 - Trinity Church of the Nazarene","description":"Un devocional de Cuaresma de la Iglesia Trinity Church of the Nazarene en Colorado Springs, CO.","robots":{"index":"index","follow":"follow","max-snippet":"max-snippet:-1","max-image-preview":"max-image-preview:large","max-video-preview":"max-video-preview:-1"},"canonical":"https:\/\/cstrinity.org\/esp\/lent-day-5-psalm-63\/","og_locale":"es_ES","og_type":"article","og_title":"Lent Day 5: Psalm 63 - Trinity Church of the Nazarene","og_description":"A Lent Devotional from Trinity Church of the Nazarene in Colorado Springs, CO.","og_url":"https:\/\/cstrinity.org\/esp\/lent-day-5-psalm-63\/","og_site_name":"Trinity Church of the Nazarene","article_published_time":"2026-02-22T14:00:00+00:00","og_image":[{"width":500,"height":500,"url":"https:\/\/cstrinity.org\/wp-content\/uploads\/2025\/03\/Lent-Feature-Image.png","type":"image\/png"}],"author":"Admin","twitter_card":"summary_large_image","twitter_misc":{"Escrito por":"Admin","Tiempo de lectura":"6 minutos"},"schema":{"@context":"https:\/\/schema.org","@graph":[{"@type":"Article","@id":"https:\/\/cstrinity.org\/lent-day-5-psalm-63\/#article","isPartOf":{"@id":"https:\/\/cstrinity.org\/lent-day-5-psalm-63\/"},"author":{"name":"Admin","@id":"https:\/\/cstrinity.org\/#\/schema\/person\/94934180c86d36340e02d1de584a376a"},"headline":"Lent Day 5: Psalm 63","datePublished":"2026-02-22T14:00:00+00:00","mainEntityOfPage":{"@id":"https:\/\/cstrinity.org\/lent-day-5-psalm-63\/"},"wordCount":1108,"commentCount":0,"publisher":{"@id":"https:\/\/cstrinity.org\/#organization"},"image":{"@id":"https:\/\/cstrinity.org\/lent-day-5-psalm-63\/#primaryimage"},"thumbnailUrl":"https:\/\/cstrinity.org\/wp-content\/uploads\/2025\/03\/Lent-Feature-Image.png","articleSection":["Lent 2026 Devotionals"],"inLanguage":"es","potentialAction":[{"@type":"CommentAction","name":"Comment","target":["https:\/\/cstrinity.org\/lent-day-5-psalm-63\/#respond"]}]},{"@type":"WebPage","@id":"https:\/\/cstrinity.org\/lent-day-5-psalm-63\/","url":"https:\/\/cstrinity.org\/lent-day-5-psalm-63\/","name":"Lent Day 5: Psalm 63 - Trinity Church of the Nazarene","isPartOf":{"@id":"https:\/\/cstrinity.org\/#website"},"primaryImageOfPage":{"@id":"https:\/\/cstrinity.org\/lent-day-5-psalm-63\/#primaryimage"},"image":{"@id":"https:\/\/cstrinity.org\/lent-day-5-psalm-63\/#primaryimage"},"thumbnailUrl":"https:\/\/cstrinity.org\/wp-content\/uploads\/2025\/03\/Lent-Feature-Image.png","datePublished":"2026-02-22T14:00:00+00:00","description":"Un devocional de Cuaresma de la Iglesia Trinity Church of the Nazarene en Colorado Springs, CO.","breadcrumb":{"@id":"https:\/\/cstrinity.org\/lent-day-5-psalm-63\/#breadcrumb"},"inLanguage":"es","potentialAction":[{"@type":"ReadAction","target":["https:\/\/cstrinity.org\/lent-day-5-psalm-63\/"]}]},{"@type":"ImageObject","inLanguage":"es","@id":"https:\/\/cstrinity.org\/lent-day-5-psalm-63\/#primaryimage","url":"https:\/\/cstrinity.org\/wp-content\/uploads\/2025\/03\/Lent-Feature-Image.png","contentUrl":"https:\/\/cstrinity.org\/wp-content\/uploads\/2025\/03\/Lent-Feature-Image.png","width":500,"height":500,"caption":"Lent Devotionals CSTrinity Feature Image"},{"@type":"BreadcrumbList","@id":"https:\/\/cstrinity.org\/lent-day-5-psalm-63\/#breadcrumb","itemListElement":[{"@type":"ListItem","position":1,"name":"Home","item":"https:\/\/cstrinity.org\/"},{"@type":"ListItem","position":2,"name":"Lent Day 5: Psalm 63"}]},{"@type":"WebSite","@id":"https:\/\/cstrinity.org\/#website","url":"https:\/\/cstrinity.org\/","name":"Iglesia de la Trinidad del Nazareno","description":"Creciendo Juntos en Jes\u00fas","publisher":{"@id":"https:\/\/cstrinity.org\/#organization"},"potentialAction":[{"@type":"SearchAction","target":{"@type":"EntryPoint","urlTemplate":"https:\/\/cstrinity.org\/?s={search_term_string}"},"query-input":{"@type":"PropertyValueSpecification","valueRequired":true,"valueName":"search_term_string"}}],"inLanguage":"es"},{"@type":"Organization","@id":"https:\/\/cstrinity.org\/#organization","name":"Iglesia de la Trinidad del Nazareno","url":"https:\/\/cstrinity.org\/","logo":{"@type":"ImageObject","inLanguage":"es","@id":"https:\/\/cstrinity.org\/#\/schema\/logo\/image\/","url":"https:\/\/cstrinity.org\/wp-content\/uploads\/2026\/04\/CircleIconEmpty-BlueGreen.png","contentUrl":"https:\/\/cstrinity.org\/wp-content\/uploads\/2026\/04\/CircleIconEmpty-BlueGreen.png","width":500,"height":500,"caption":"Trinity Church of the Nazarene"},"image":{"@id":"https:\/\/cstrinity.org\/#\/schema\/logo\/image\/"}},{"@type":"Person","@id":"https:\/\/cstrinity.org\/#\/schema\/person\/94934180c86d36340e02d1de584a376a","name":"Administraci\u00f3n","image":{"@type":"ImageObject","inLanguage":"es","@id":"https:\/\/secure.gravatar.com\/avatar\/4a5a0160e6354f2c9cfdf3acd951b77ea027ba2357f3cd4a58a9db9b281e5b86?s=96&d=mm&r=g","url":"https:\/\/secure.gravatar.com\/avatar\/4a5a0160e6354f2c9cfdf3acd951b77ea027ba2357f3cd4a58a9db9b281e5b86?s=96&d=mm&r=g","contentUrl":"https:\/\/secure.gravatar.com\/avatar\/4a5a0160e6354f2c9cfdf3acd951b77ea027ba2357f3cd4a58a9db9b281e5b86?s=96&d=mm&r=g","caption":"Admin"},"sameAs":["http:\/\/cstrinity.org"],"url":"https:\/\/cstrinity.org\/esp\/author\/deltadesignsolutionsllcgmail-com\/"}]}},"jetpack_featured_media_url":"https:\/\/cstrinity.org\/wp-content\/uploads\/2025\/03\/Lent-Feature-Image.png","jetpack_sharing_enabled":true,"_links":{"self":[{"href":"https:\/\/cstrinity.org\/esp\/wp-json\/wp\/v2\/posts\/4264","targetHints":{"allow":["GET"]}}],"collection":[{"href":"https:\/\/cstrinity.org\/esp\/wp-json\/wp\/v2\/posts"}],"about":[{"href":"https:\/\/cstrinity.org\/esp\/wp-json\/wp\/v2\/types\/post"}],"author":[{"embeddable":true,"href":"https:\/\/cstrinity.org\/esp\/wp-json\/wp\/v2\/users\/1"}],"replies":[{"embeddable":true,"href":"https:\/\/cstrinity.org\/esp\/wp-json\/wp\/v2\/comments?post=4264"}],"version-history":[{"count":0,"href":"https:\/\/cstrinity.org\/esp\/wp-json\/wp\/v2\/posts\/4264\/revisions"}],"wp:featuredmedia":[{"embeddable":true,"href":"https:\/\/cstrinity.org\/esp\/wp-json\/wp\/v2\/media\/3333"}],"wp:attachment":[{"href":"https:\/\/cstrinity.org\/esp\/wp-json\/wp\/v2\/media?parent=4264"}],"wp:term":[{"taxonomy":"category","embeddable":true,"href":"https:\/\/cstrinity.org\/esp\/wp-json\/wp\/v2\/categories?post=4264"},{"taxonomy":"post_tag","embeddable":true,"href":"https:\/\/cstrinity.org\/esp\/wp-json\/wp\/v2\/tags?post=4264"}],"curies":[{"name":"gracias","href":"https:\/\/api.w.org\/{rel}","templated":true}]}}