{"id":4375,"date":"2026-03-10T07:00:00","date_gmt":"2026-03-10T13:00:00","guid":{"rendered":"https:\/\/cstrinity.org\/?p=4375"},"modified":"2026-03-13T12:33:33","modified_gmt":"2026-03-13T18:33:33","slug":"lent-day-21-psalm-78","status":"publish","type":"post","link":"https:\/\/cstrinity.org\/esp\/lent-day-21-psalm-78\/","title":{"rendered":"D\u00eda 21 de Cuaresma: Salmo 78"},"content":{"rendered":"<div data-elementor-type=\"wp-post\" data-elementor-id=\"4375\" class=\"elementor elementor-4375\" data-elementor-post-type=\"post\">\n\t\t\t\t\t\t<section class=\"elementor-section elementor-top-section elementor-element elementor-element-e950d2e elementor-section-boxed elementor-section-height-default elementor-section-height-default\" data-id=\"e950d2e\" data-element_type=\"section\" data-e-type=\"section\">\n\t\t\t\t\t\t<div class=\"elementor-container elementor-column-gap-default\">\n\t\t\t\t\t<div class=\"elementor-column elementor-col-100 elementor-top-column elementor-element elementor-element-a402bc3\" data-id=\"a402bc3\" data-element_type=\"column\" data-e-type=\"column\">\n\t\t\t<div class=\"elementor-widget-wrap elementor-element-populated\">\n\t\t\t\t\t\t<div class=\"elementor-element elementor-element-3cd33cf elementor-widget elementor-widget-text-editor\" data-id=\"3cd33cf\" data-element_type=\"widget\" data-e-type=\"widget\" data-widget_type=\"text-editor.default\">\n\t\t\t\t<div class=\"elementor-widget-container\">\n\t\t\t\t\t\t\t\t\t<p><strong><u>Oraci\u00f3n inicial: Salmo 78:1-8<\/u><\/strong><\/p>\n<p><strong><em><sup>1&nbsp;<\/sup><\/em><\/strong><em>Pueblo m\u00edo, escucha mi ense\u00f1anza;<br>&nbsp;&nbsp;&nbsp;&nbsp;escucha las palabras de mi boca.<br><strong><sup>2&nbsp;<\/sup><\/strong>Abrir\u00e9 mi boca con una par\u00e1bola;<br>&nbsp;&nbsp;&nbsp;&nbsp;Revelar\u00e9 cosas ocultas, cosas de anta\u00f1o\u2014<br><strong><sup>3&nbsp;<\/sup><\/strong>cosas que hemos o\u00eddo y sabemos,<br>&nbsp;&nbsp;&nbsp;&nbsp;cosas que nos han contado nuestros antepasados.<br><strong><sup>4&nbsp;<\/sup><\/strong>No los ocultaremos a sus descendientes;<br>&nbsp;&nbsp;&nbsp;&nbsp;Se lo contaremos a la pr\u00f3xima generaci\u00f3n.<br>las obras dignas de alabanza del Se\u00f1or,<br>&nbsp;&nbsp;&nbsp;&nbsp;su poder y las maravillas que ha realizado.<br><strong><sup>5&nbsp;<\/sup><\/strong>\u00c9l promulg\u00f3 estatutos para Jacob<br>&nbsp;&nbsp;&nbsp;&nbsp;y estableci\u00f3 la ley en Israel,<br>lo cual orden\u00f3 a nuestros antepasados<br>&nbsp;&nbsp;&nbsp;&nbsp;para ense\u00f1ar a sus hijos,<br><strong><sup>6&nbsp;<\/sup><\/strong>para que la pr\u00f3xima generaci\u00f3n los conozca,<br>&nbsp;&nbsp;&nbsp;&nbsp;incluso los ni\u00f1os que a\u00fan no han nacido,<br>&nbsp;&nbsp;&nbsp;&nbsp;y ellos, a su vez, se lo contar\u00edan a sus hijos.<br><strong><sup>7&nbsp;<\/sup><\/strong>Entonces depositar\u00edan su confianza en Dios.<br>&nbsp;&nbsp;&nbsp;&nbsp;y no olvidar\u00eda sus haza\u00f1as<br>&nbsp;&nbsp;&nbsp;&nbsp;pero mantendr\u00eda sus \u00f3rdenes.<br><strong><sup>8&nbsp;<\/sup><\/strong>No ser\u00edan como sus antepasados.<br>&nbsp;&nbsp;&nbsp;&nbsp;una generaci\u00f3n terca y rebelde,<br>cuyos corazones no eran leales a Dios,<br>&nbsp;&nbsp;&nbsp;&nbsp;cuyos esp\u00edritus no le fueron fieles.<\/em><\/p>\n<p><em>&nbsp;<\/em><\/p>\n<p><strong><u>La voz de Dios:<\/u><\/strong><\/p>\n<ul>\n<li>Antiguo Testamento (pacto): G\u00e9nesis 45:1-15<\/li>\n<li>Salmo (canto): Salmo 78: 9-64<\/li>\n<li>Ep\u00edstola (carta): 1 Corintios 7:32-40&nbsp;<\/li>\n<li>Evangelio (buenas noticias): Marcos 6:1-13<\/li>\n<\/ul>\n<p><strong><u>En busca de la santidad<\/u><\/strong><\/p>\n<ul>\n<li><strong>Oraci\u00f3n:<\/strong> \u00bfQu\u00e9 me dice Dios hoy? \u00bfC\u00f3mo responder\u00e9?<\/li>\n<li><strong>Ayuno:<\/strong> \u00bfQu\u00e9 puedo negarme hoy (comida, bebida, conductas) como acto de adoraci\u00f3n?<\/li>\n<li><strong>Caridad:<\/strong> \u00bfC\u00f3mo puedo ayudar hoy a alguien necesitado con mi tiempo, dinero o bienes?<\/li>\n<\/ul>\n<p><strong><u>Oraci\u00f3n final: Salmo 78:65-72<\/u><\/strong><\/p>\n<p><strong><em><sup>65&nbsp;<\/sup><\/em><\/strong><em>Entonces el Se\u00f1or despert\u00f3 como de un sue\u00f1o,<br>&nbsp;&nbsp;&nbsp;&nbsp;como un guerrero que despierta del estupor provocado por el vino.<br><strong><sup>66&nbsp;<\/sup><\/strong>\u00c9l hizo retroceder a sus enemigos;<br>&nbsp;&nbsp;&nbsp;&nbsp;Los someti\u00f3 a una verg\u00fcenza eterna.<br><strong><sup>67&nbsp;<\/sup><\/strong>Entonces rechaz\u00f3 las tiendas de Jos\u00e9,<br>&nbsp;&nbsp;&nbsp;&nbsp;\u00c9l no escogi\u00f3 la tribu de Efra\u00edn;<br><strong><sup>68&nbsp;<\/sup><\/strong>pero \u00e9l escogi\u00f3 la tribu de Jud\u00e1,<br>&nbsp;&nbsp;&nbsp;&nbsp;El monte Sion, al que amaba.<br><strong><sup>69&nbsp;<\/sup><\/strong>Construy\u00f3 su santuario como las alturas,<br>&nbsp;&nbsp;&nbsp;&nbsp;como la tierra que \u00e9l estableci\u00f3 para siempre.<br><strong><sup>70&nbsp;<\/sup><\/strong>\u00c9l eligi\u00f3 a David, su siervo.<br>&nbsp;&nbsp;&nbsp;&nbsp;y lo sacaron de los rediles de ovejas;<br><strong><sup>71&nbsp;<\/sup><\/strong>de cuidar las ovejas que \u00e9l trajo<br>&nbsp;&nbsp;&nbsp;&nbsp;ser el pastor de su pueblo Jacob,<br>&nbsp;&nbsp;&nbsp;&nbsp;de Israel su herencia.<br><strong><sup>72&nbsp;<\/sup><\/strong>Y David los pastore\u00f3 con integridad de coraz\u00f3n;<br>&nbsp;&nbsp;&nbsp;&nbsp;Con manos h\u00e1biles los gui\u00f3.<\/em><\/p>\n<p><em>&nbsp;<\/em><\/p>\n<p><strong><u>\u00bfC\u00f3mo usar este devocional?<\/u><\/strong><\/p>\n<ol>\n<li>Lea la \u201cOraci\u00f3n de apertura\u201d de las Escrituras al Se\u00f1or como su oraci\u00f3n.<\/li>\n<li>Elija uno o m\u00e1s pasajes de las Escrituras en \u201cLa Voz de Dios\u201d para leer m\u00e1s.<\/li>\n<li>Responda las preguntas bajo \u201cBuscando la Santidad\u201d\n<ol>\n<li>Tu reflexi\u00f3n sobre las Escrituras y c\u00f3mo sientes que el Esp\u00edritu Santo te gu\u00eda hoy<\/li>\n<li>Identifica c\u00f3mo practicar\u00e1s la abnegaci\u00f3n hoy bas\u00e1ndote en la gu\u00eda de Dios.<\/li>\n<li>Identifica c\u00f3mo quieres practicar la donaci\u00f3n hoy<\/li>\n<li>La oraci\u00f3n, el ayuno (abnegaci\u00f3n) y la ofrenda sean vuestro culto vivo y espiritual.<\/li>\n<\/ol>\n<\/li>\n<li>Mantenga notas en un diario o planificador para facilitar su seguimiento y crear un registro.<\/li>\n<li>Lea la \u201cOraci\u00f3n de clausura\u201d<\/li>\n<\/ol>\n<p><em>&nbsp;<\/em><\/p>\n<p>Desde el siglo III, los cristianos han utilizado <u>Sagrada Escritura<\/u>, <u>Oraci\u00f3n<\/u>, <u>Abnegaci\u00f3n<\/u>, y <u>limosna<\/u> como preparaci\u00f3n espiritual para la Pascua.<\/p>\n<p><br><\/p>\n<p><strong><u>\u00bfQu\u00e9 es la Cuaresma?<\/u><\/strong><\/p>\n<p>La Cuaresma es el tiempo del calendario cristiano que precede a la Pascua. La Cuaresma dura 40 d\u00edas porque Jes\u00fas fue tentado en el desierto durante 40 d\u00edas antes de su ministerio p\u00fablico. Los israelitas, debido a su desobediencia y rebeli\u00f3n, tuvieron que vagar 40 a\u00f1os por el desierto antes de llegar a la tierra prometida. Mois\u00e9s pas\u00f3 40 d\u00edas en el Monte Sina\u00ed, en contacto con Dios, recibiendo los Diez Mandamientos. En la Biblia, el n\u00famero 40 se usa a menudo para indicar un per\u00edodo de preparaci\u00f3n y prueba.<\/p>\n<p><\/p>\n<p>En el desierto, nada se esconde. Somos expuestos a Dios. No tenemos nuestras comodidades. Estamos separados de las distracciones comunes. Finalmente, regresaremos a nuestras vidas cuando el tiempo de preparaci\u00f3n haya terminado. Centramos nuestra pasi\u00f3n en Dios mientras \u00e9l nos refina para cumplir su llamado.<\/p>\t\t\t\t\t\t\t\t<\/div>\n\t\t\t\t<\/div>\n\t\t\t\t\t<\/div>\n\t\t<\/div>\n\t\t\t\t\t<\/div>\n\t\t<\/section>\n\t\t\t\t<\/div>","protected":false},"excerpt":{"rendered":"<p>Un devocional de Cuaresma de la Iglesia Trinity Church of the Nazarene en Colorado Springs, CO.<\/p>","protected":false},"author":1,"featured_media":3333,"comment_status":"open","ping_status":"open","sticky":false,"template":"","format":"standard","meta":{"site-sidebar-layout":"default","site-content-layout":"","ast-site-content-layout":"default","site-content-style":"default","site-sidebar-style":"default","ast-global-header-display":"","ast-banner-title-visibility":"","ast-main-header-display":"","ast-hfb-above-header-display":"","ast-hfb-below-header-display":"","ast-hfb-mobile-header-display":"","site-post-title":"","ast-breadcrumbs-content":"","ast-featured-img":"","footer-sml-layout":"","ast-disable-related-posts":"","theme-transparent-header-meta":"","adv-header-id-meta":"","stick-header-meta":"","header-above-stick-meta":"","header-main-stick-meta":"","header-below-stick-meta":"","astra-migrate-meta-layouts":"set","ast-page-background-enabled":"default","ast-page-background-meta":{"desktop":{"background-color":"var(--ast-global-color-4)","background-image":"","background-repeat":"repeat","background-position":"center center","background-size":"auto","background-attachment":"scroll","background-type":"","background-media":"","overlay-type":"","overlay-color":"","overlay-opacity":"","overlay-gradient":""},"tablet":{"background-color":"","background-image":"","background-repeat":"repeat","background-position":"center center","background-size":"auto","background-attachment":"scroll","background-type":"","background-media":"","overlay-type":"","overlay-color":"","overlay-opacity":"","overlay-gradient":""},"mobile":{"background-color":"","background-image":"","background-repeat":"repeat","background-position":"center center","background-size":"auto","background-attachment":"scroll","background-type":"","background-media":"","overlay-type":"","overlay-color":"","overlay-opacity":"","overlay-gradient":""}},"ast-content-background-meta":{"desktop":{"background-color":"var(--ast-global-color-5)","background-image":"","background-repeat":"repeat","background-position":"center center","background-size":"auto","background-attachment":"scroll","background-type":"","background-media":"","overlay-type":"","overlay-color":"","overlay-opacity":"","overlay-gradient":""},"tablet":{"background-color":"var(--ast-global-color-5)","background-image":"","background-repeat":"repeat","background-position":"center center","background-size":"auto","background-attachment":"scroll","background-type":"","background-media":"","overlay-type":"","overlay-color":"","overlay-opacity":"","overlay-gradient":""},"mobile":{"background-color":"var(--ast-global-color-5)","background-image":"","background-repeat":"repeat","background-position":"center center","background-size":"auto","background-attachment":"scroll","background-type":"","background-media":"","overlay-type":"","overlay-color":"","overlay-opacity":"","overlay-gradient":""}},"_jetpack_memberships_contains_paid_content":false,"footnotes":""},"categories":[25],"tags":[],"class_list":["post-4375","post","type-post","status-publish","format-standard","has-post-thumbnail","hentry","category-lent-2026-devotionals"],"yoast_head":"<!-- This site is optimized with the Yoast SEO plugin v27.4 - https:\/\/yoast.com\/product\/yoast-seo-wordpress\/ -->\n<title>Lent Day 21: Psalm 78 - Trinity Church of the Nazarene<\/title>\n<meta name=\"description\" content=\"A Lent Devotional from Trinity Church of the Nazarene in Colorado Springs, CO.\" \/>\n<meta name=\"robots\" content=\"index, follow, max-snippet:-1, max-image-preview:large, max-video-preview:-1\" \/>\n<link rel=\"canonical\" href=\"https:\/\/cstrinity.org\/esp\/lent-day-21-psalm-78\/\" \/>\n<meta property=\"og:locale\" content=\"es_ES\" \/>\n<meta property=\"og:type\" content=\"article\" \/>\n<meta property=\"og:title\" content=\"Lent Day 21: Psalm 78 - Trinity Church of the Nazarene\" \/>\n<meta property=\"og:description\" content=\"A Lent Devotional from Trinity Church of the Nazarene in Colorado Springs, CO.\" \/>\n<meta property=\"og:url\" content=\"https:\/\/cstrinity.org\/esp\/lent-day-21-psalm-78\/\" \/>\n<meta property=\"og:site_name\" content=\"Trinity Church of the Nazarene\" \/>\n<meta property=\"article:published_time\" content=\"2026-03-10T13:00:00+00:00\" \/>\n<meta property=\"article:modified_time\" content=\"2026-03-13T18:33:33+00:00\" \/>\n<meta property=\"og:image\" content=\"https:\/\/cstrinity.org\/wp-content\/uploads\/2025\/03\/Lent-Feature-Image.png\" \/>\n\t<meta property=\"og:image:width\" content=\"500\" \/>\n\t<meta property=\"og:image:height\" content=\"500\" \/>\n\t<meta property=\"og:image:type\" content=\"image\/png\" \/>\n<meta name=\"author\" content=\"Admin\" \/>\n<meta name=\"twitter:card\" content=\"summary_large_image\" \/>\n<meta name=\"twitter:label1\" content=\"Escrito por\" \/>\n\t<meta name=\"twitter:data1\" content=\"Admin\" \/>\n\t<meta name=\"twitter:label2\" content=\"Tiempo de lectura\" \/>\n\t<meta name=\"twitter:data2\" content=\"3 minutos\" \/>\n<script type=\"application\/ld+json\" class=\"yoast-schema-graph\">{\"@context\":\"https:\\\/\\\/schema.org\",\"@graph\":[{\"@type\":\"Article\",\"@id\":\"https:\\\/\\\/cstrinity.org\\\/lent-day-21-psalm-78\\\/#article\",\"isPartOf\":{\"@id\":\"https:\\\/\\\/cstrinity.org\\\/lent-day-21-psalm-78\\\/\"},\"author\":{\"name\":\"Admin\",\"@id\":\"https:\\\/\\\/cstrinity.org\\\/#\\\/schema\\\/person\\\/94934180c86d36340e02d1de584a376a\"},\"headline\":\"Lent Day 21: Psalm 78\",\"datePublished\":\"2026-03-10T13:00:00+00:00\",\"dateModified\":\"2026-03-13T18:33:33+00:00\",\"mainEntityOfPage\":{\"@id\":\"https:\\\/\\\/cstrinity.org\\\/lent-day-21-psalm-78\\\/\"},\"wordCount\":723,\"commentCount\":0,\"publisher\":{\"@id\":\"https:\\\/\\\/cstrinity.org\\\/#organization\"},\"image\":{\"@id\":\"https:\\\/\\\/cstrinity.org\\\/lent-day-21-psalm-78\\\/#primaryimage\"},\"thumbnailUrl\":\"https:\\\/\\\/cstrinity.org\\\/wp-content\\\/uploads\\\/2025\\\/03\\\/Lent-Feature-Image.png\",\"articleSection\":[\"Lent 2026 Devotionals\"],\"inLanguage\":\"es\",\"potentialAction\":[{\"@type\":\"CommentAction\",\"name\":\"Comment\",\"target\":[\"https:\\\/\\\/cstrinity.org\\\/lent-day-21-psalm-78\\\/#respond\"]}]},{\"@type\":\"WebPage\",\"@id\":\"https:\\\/\\\/cstrinity.org\\\/lent-day-21-psalm-78\\\/\",\"url\":\"https:\\\/\\\/cstrinity.org\\\/lent-day-21-psalm-78\\\/\",\"name\":\"Lent Day 21: Psalm 78 - Trinity Church of the Nazarene\",\"isPartOf\":{\"@id\":\"https:\\\/\\\/cstrinity.org\\\/#website\"},\"primaryImageOfPage\":{\"@id\":\"https:\\\/\\\/cstrinity.org\\\/lent-day-21-psalm-78\\\/#primaryimage\"},\"image\":{\"@id\":\"https:\\\/\\\/cstrinity.org\\\/lent-day-21-psalm-78\\\/#primaryimage\"},\"thumbnailUrl\":\"https:\\\/\\\/cstrinity.org\\\/wp-content\\\/uploads\\\/2025\\\/03\\\/Lent-Feature-Image.png\",\"datePublished\":\"2026-03-10T13:00:00+00:00\",\"dateModified\":\"2026-03-13T18:33:33+00:00\",\"description\":\"A Lent Devotional from Trinity Church of the Nazarene in Colorado Springs, CO.\",\"breadcrumb\":{\"@id\":\"https:\\\/\\\/cstrinity.org\\\/lent-day-21-psalm-78\\\/#breadcrumb\"},\"inLanguage\":\"es\",\"potentialAction\":[{\"@type\":\"ReadAction\",\"target\":[\"https:\\\/\\\/cstrinity.org\\\/lent-day-21-psalm-78\\\/\"]}]},{\"@type\":\"ImageObject\",\"inLanguage\":\"es\",\"@id\":\"https:\\\/\\\/cstrinity.org\\\/lent-day-21-psalm-78\\\/#primaryimage\",\"url\":\"https:\\\/\\\/cstrinity.org\\\/wp-content\\\/uploads\\\/2025\\\/03\\\/Lent-Feature-Image.png\",\"contentUrl\":\"https:\\\/\\\/cstrinity.org\\\/wp-content\\\/uploads\\\/2025\\\/03\\\/Lent-Feature-Image.png\",\"width\":500,\"height\":500,\"caption\":\"Lent Devotionals CSTrinity Feature Image\"},{\"@type\":\"BreadcrumbList\",\"@id\":\"https:\\\/\\\/cstrinity.org\\\/lent-day-21-psalm-78\\\/#breadcrumb\",\"itemListElement\":[{\"@type\":\"ListItem\",\"position\":1,\"name\":\"Home\",\"item\":\"https:\\\/\\\/cstrinity.org\\\/\"},{\"@type\":\"ListItem\",\"position\":2,\"name\":\"Lent Day 21: Psalm 78\"}]},{\"@type\":\"WebSite\",\"@id\":\"https:\\\/\\\/cstrinity.org\\\/#website\",\"url\":\"https:\\\/\\\/cstrinity.org\\\/\",\"name\":\"Trinity Church of the Nazarene\",\"description\":\"Growing Together in Jesus\",\"publisher\":{\"@id\":\"https:\\\/\\\/cstrinity.org\\\/#organization\"},\"potentialAction\":[{\"@type\":\"SearchAction\",\"target\":{\"@type\":\"EntryPoint\",\"urlTemplate\":\"https:\\\/\\\/cstrinity.org\\\/?s={search_term_string}\"},\"query-input\":{\"@type\":\"PropertyValueSpecification\",\"valueRequired\":true,\"valueName\":\"search_term_string\"}}],\"inLanguage\":\"es\"},{\"@type\":\"Organization\",\"@id\":\"https:\\\/\\\/cstrinity.org\\\/#organization\",\"name\":\"Trinity Church of the Nazarene\",\"url\":\"https:\\\/\\\/cstrinity.org\\\/\",\"logo\":{\"@type\":\"ImageObject\",\"inLanguage\":\"es\",\"@id\":\"https:\\\/\\\/cstrinity.org\\\/#\\\/schema\\\/logo\\\/image\\\/\",\"url\":\"https:\\\/\\\/cstrinity.org\\\/wp-content\\\/uploads\\\/2026\\\/04\\\/CircleIconEmpty-BlueGreen.png\",\"contentUrl\":\"https:\\\/\\\/cstrinity.org\\\/wp-content\\\/uploads\\\/2026\\\/04\\\/CircleIconEmpty-BlueGreen.png\",\"width\":500,\"height\":500,\"caption\":\"Trinity Church of the Nazarene\"},\"image\":{\"@id\":\"https:\\\/\\\/cstrinity.org\\\/#\\\/schema\\\/logo\\\/image\\\/\"}},{\"@type\":\"Person\",\"@id\":\"https:\\\/\\\/cstrinity.org\\\/#\\\/schema\\\/person\\\/94934180c86d36340e02d1de584a376a\",\"name\":\"Admin\",\"image\":{\"@type\":\"ImageObject\",\"inLanguage\":\"es\",\"@id\":\"https:\\\/\\\/secure.gravatar.com\\\/avatar\\\/4a5a0160e6354f2c9cfdf3acd951b77ea027ba2357f3cd4a58a9db9b281e5b86?s=96&d=mm&r=g\",\"url\":\"https:\\\/\\\/secure.gravatar.com\\\/avatar\\\/4a5a0160e6354f2c9cfdf3acd951b77ea027ba2357f3cd4a58a9db9b281e5b86?s=96&d=mm&r=g\",\"contentUrl\":\"https:\\\/\\\/secure.gravatar.com\\\/avatar\\\/4a5a0160e6354f2c9cfdf3acd951b77ea027ba2357f3cd4a58a9db9b281e5b86?s=96&d=mm&r=g\",\"caption\":\"Admin\"},\"sameAs\":[\"http:\\\/\\\/cstrinity.org\"],\"url\":\"https:\\\/\\\/cstrinity.org\\\/esp\\\/author\\\/deltadesignsolutionsllcgmail-com\\\/\"}]}<\/script>\n<!-- \/ Yoast SEO plugin. -->","yoast_head_json":{"title":"Lent Day 21: Psalm 78 - Trinity Church of the Nazarene","description":"Un devocional de Cuaresma de la Iglesia Trinity Church of the Nazarene en Colorado Springs, CO.","robots":{"index":"index","follow":"follow","max-snippet":"max-snippet:-1","max-image-preview":"max-image-preview:large","max-video-preview":"max-video-preview:-1"},"canonical":"https:\/\/cstrinity.org\/esp\/lent-day-21-psalm-78\/","og_locale":"es_ES","og_type":"article","og_title":"Lent Day 21: Psalm 78 - Trinity Church of the Nazarene","og_description":"A Lent Devotional from Trinity Church of the Nazarene in Colorado Springs, CO.","og_url":"https:\/\/cstrinity.org\/esp\/lent-day-21-psalm-78\/","og_site_name":"Trinity Church of the Nazarene","article_published_time":"2026-03-10T13:00:00+00:00","article_modified_time":"2026-03-13T18:33:33+00:00","og_image":[{"width":500,"height":500,"url":"https:\/\/cstrinity.org\/wp-content\/uploads\/2025\/03\/Lent-Feature-Image.png","type":"image\/png"}],"author":"Admin","twitter_card":"summary_large_image","twitter_misc":{"Escrito por":"Admin","Tiempo de lectura":"3 minutos"},"schema":{"@context":"https:\/\/schema.org","@graph":[{"@type":"Article","@id":"https:\/\/cstrinity.org\/lent-day-21-psalm-78\/#article","isPartOf":{"@id":"https:\/\/cstrinity.org\/lent-day-21-psalm-78\/"},"author":{"name":"Admin","@id":"https:\/\/cstrinity.org\/#\/schema\/person\/94934180c86d36340e02d1de584a376a"},"headline":"Lent Day 21: Psalm 78","datePublished":"2026-03-10T13:00:00+00:00","dateModified":"2026-03-13T18:33:33+00:00","mainEntityOfPage":{"@id":"https:\/\/cstrinity.org\/lent-day-21-psalm-78\/"},"wordCount":723,"commentCount":0,"publisher":{"@id":"https:\/\/cstrinity.org\/#organization"},"image":{"@id":"https:\/\/cstrinity.org\/lent-day-21-psalm-78\/#primaryimage"},"thumbnailUrl":"https:\/\/cstrinity.org\/wp-content\/uploads\/2025\/03\/Lent-Feature-Image.png","articleSection":["Lent 2026 Devotionals"],"inLanguage":"es","potentialAction":[{"@type":"CommentAction","name":"Comment","target":["https:\/\/cstrinity.org\/lent-day-21-psalm-78\/#respond"]}]},{"@type":"WebPage","@id":"https:\/\/cstrinity.org\/lent-day-21-psalm-78\/","url":"https:\/\/cstrinity.org\/lent-day-21-psalm-78\/","name":"Lent Day 21: Psalm 78 - Trinity Church of the Nazarene","isPartOf":{"@id":"https:\/\/cstrinity.org\/#website"},"primaryImageOfPage":{"@id":"https:\/\/cstrinity.org\/lent-day-21-psalm-78\/#primaryimage"},"image":{"@id":"https:\/\/cstrinity.org\/lent-day-21-psalm-78\/#primaryimage"},"thumbnailUrl":"https:\/\/cstrinity.org\/wp-content\/uploads\/2025\/03\/Lent-Feature-Image.png","datePublished":"2026-03-10T13:00:00+00:00","dateModified":"2026-03-13T18:33:33+00:00","description":"Un devocional de Cuaresma de la Iglesia Trinity Church of the Nazarene en Colorado Springs, CO.","breadcrumb":{"@id":"https:\/\/cstrinity.org\/lent-day-21-psalm-78\/#breadcrumb"},"inLanguage":"es","potentialAction":[{"@type":"ReadAction","target":["https:\/\/cstrinity.org\/lent-day-21-psalm-78\/"]}]},{"@type":"ImageObject","inLanguage":"es","@id":"https:\/\/cstrinity.org\/lent-day-21-psalm-78\/#primaryimage","url":"https:\/\/cstrinity.org\/wp-content\/uploads\/2025\/03\/Lent-Feature-Image.png","contentUrl":"https:\/\/cstrinity.org\/wp-content\/uploads\/2025\/03\/Lent-Feature-Image.png","width":500,"height":500,"caption":"Lent Devotionals CSTrinity Feature Image"},{"@type":"BreadcrumbList","@id":"https:\/\/cstrinity.org\/lent-day-21-psalm-78\/#breadcrumb","itemListElement":[{"@type":"ListItem","position":1,"name":"Home","item":"https:\/\/cstrinity.org\/"},{"@type":"ListItem","position":2,"name":"Lent Day 21: Psalm 78"}]},{"@type":"WebSite","@id":"https:\/\/cstrinity.org\/#website","url":"https:\/\/cstrinity.org\/","name":"Iglesia de la Trinidad del Nazareno","description":"Creciendo Juntos en Jes\u00fas","publisher":{"@id":"https:\/\/cstrinity.org\/#organization"},"potentialAction":[{"@type":"SearchAction","target":{"@type":"EntryPoint","urlTemplate":"https:\/\/cstrinity.org\/?s={search_term_string}"},"query-input":{"@type":"PropertyValueSpecification","valueRequired":true,"valueName":"search_term_string"}}],"inLanguage":"es"},{"@type":"Organization","@id":"https:\/\/cstrinity.org\/#organization","name":"Iglesia de la Trinidad del Nazareno","url":"https:\/\/cstrinity.org\/","logo":{"@type":"ImageObject","inLanguage":"es","@id":"https:\/\/cstrinity.org\/#\/schema\/logo\/image\/","url":"https:\/\/cstrinity.org\/wp-content\/uploads\/2026\/04\/CircleIconEmpty-BlueGreen.png","contentUrl":"https:\/\/cstrinity.org\/wp-content\/uploads\/2026\/04\/CircleIconEmpty-BlueGreen.png","width":500,"height":500,"caption":"Trinity Church of the Nazarene"},"image":{"@id":"https:\/\/cstrinity.org\/#\/schema\/logo\/image\/"}},{"@type":"Person","@id":"https:\/\/cstrinity.org\/#\/schema\/person\/94934180c86d36340e02d1de584a376a","name":"Administraci\u00f3n","image":{"@type":"ImageObject","inLanguage":"es","@id":"https:\/\/secure.gravatar.com\/avatar\/4a5a0160e6354f2c9cfdf3acd951b77ea027ba2357f3cd4a58a9db9b281e5b86?s=96&d=mm&r=g","url":"https:\/\/secure.gravatar.com\/avatar\/4a5a0160e6354f2c9cfdf3acd951b77ea027ba2357f3cd4a58a9db9b281e5b86?s=96&d=mm&r=g","contentUrl":"https:\/\/secure.gravatar.com\/avatar\/4a5a0160e6354f2c9cfdf3acd951b77ea027ba2357f3cd4a58a9db9b281e5b86?s=96&d=mm&r=g","caption":"Admin"},"sameAs":["http:\/\/cstrinity.org"],"url":"https:\/\/cstrinity.org\/esp\/author\/deltadesignsolutionsllcgmail-com\/"}]}},"jetpack_featured_media_url":"https:\/\/cstrinity.org\/wp-content\/uploads\/2025\/03\/Lent-Feature-Image.png","jetpack_sharing_enabled":true,"_links":{"self":[{"href":"https:\/\/cstrinity.org\/esp\/wp-json\/wp\/v2\/posts\/4375","targetHints":{"allow":["GET"]}}],"collection":[{"href":"https:\/\/cstrinity.org\/esp\/wp-json\/wp\/v2\/posts"}],"about":[{"href":"https:\/\/cstrinity.org\/esp\/wp-json\/wp\/v2\/types\/post"}],"author":[{"embeddable":true,"href":"https:\/\/cstrinity.org\/esp\/wp-json\/wp\/v2\/users\/1"}],"replies":[{"embeddable":true,"href":"https:\/\/cstrinity.org\/esp\/wp-json\/wp\/v2\/comments?post=4375"}],"version-history":[{"count":0,"href":"https:\/\/cstrinity.org\/esp\/wp-json\/wp\/v2\/posts\/4375\/revisions"}],"wp:featuredmedia":[{"embeddable":true,"href":"https:\/\/cstrinity.org\/esp\/wp-json\/wp\/v2\/media\/3333"}],"wp:attachment":[{"href":"https:\/\/cstrinity.org\/esp\/wp-json\/wp\/v2\/media?parent=4375"}],"wp:term":[{"taxonomy":"category","embeddable":true,"href":"https:\/\/cstrinity.org\/esp\/wp-json\/wp\/v2\/categories?post=4375"},{"taxonomy":"post_tag","embeddable":true,"href":"https:\/\/cstrinity.org\/esp\/wp-json\/wp\/v2\/tags?post=4375"}],"curies":[{"name":"gracias","href":"https:\/\/api.w.org\/{rel}","templated":true}]}}